{"id":1271651,"date":"2026-08-31T10:57:16","date_gmt":"2026-08-31T10:57:16","guid":{"rendered":"https:\/\/www.europesays.com\/de\/1271651\/"},"modified":"2026-08-31T10:57:16","modified_gmt":"2026-08-31T10:57:16","slug":"sieger-kommt-aus-mittelsachsen-hartmannsdorfer-honig-glaenzt-vor-barocker-schlosskulisse","status":"publish","type":"post","link":"https:\/\/www.europesays.com\/de\/1271651\/","title":{"rendered":"Sieger kommt aus Mittelsachsen: Hartmannsdorfer Honig gl\u00e4nzt vor barocker Schlosskulisse"},"content":{"rendered":"<p>Goldgelber Honig, feine Aromen und barocke Schlosskulisse: Im Barockschloss Oberlichtenau bei Bautzen drehte sich am Samstag alles um eines der s\u00fc\u00dfesten Naturprodukte Sachsens. Beim Festival \u201eS\u00fc\u00dfe K\u00fcnste \u2013 Honigglanz im Schloss\u201c trafen sich Imker aus dem gesamten Freistaat \u2013 und ein Honig aus <a href=\"https:\/\/www.blick.de\/thema\/ort\/mittelsachsen\" title=\"Nachrichten f\u00fcr den Ort: Mittelsachsen\" class=\"internal-article-link\" data-ct=\"ENTITY\/LOCATION\/MITTELSACHSEN\" rel=\"nofollow noopener\" target=\"_blank\">Mittelsachsen<\/a> traf besonders den Geschmack der Besucher.<\/p>\n<p>Patrick Clau\u00df von der Muldentalimkerei in <a href=\"https:\/\/www.blick.de\/thema\/ort\/hartmannsdorf\" title=\"Nachrichten f\u00fcr den Ort: Hartmannsdorf\" class=\"internal-article-link\" data-ct=\"ENTITY\/LOCATION\/HARTMANNSDORF\" rel=\"nofollow noopener\" target=\"_blank\">Hartmannsdorf<\/a> auf der Oberen Hauptstra\u00dfe 24 gewann mit seiner feincremigen Raps-Fr\u00fchtracht aus der Ernte 2026 den Publikumspreis des S\u00e4chsischen Honig-Awards.<\/p>\n<p>\n\tFeincremige Fr\u00fchtracht \u00fcberzeugt die Besucher\n\t<\/p>\n<p>Farbe, Duft, Konsistenz und nat\u00fcrlich der Geschmack: Bevor das Publikum seinen Favoriten k\u00fcrte, wurden die eingereichten Honige genau unter die Lupe genommen. Neben der sensorischen Beurteilung durch Experten geh\u00f6rten auch DNA-basierte Herkunfts- und Pollenanalysen zum Pr\u00fcfverfahren.<\/p>\n<p>Die Raps-Fr\u00fchtracht aus Hartmannsdorf \u00fcberzeugte schlie\u00dflich auch dort, wo der pers\u00f6nliche Geschmack entscheidet: beim Publikum.<\/p>\n<p>\n\tPublikumspreis geht nach Mittelsachsen\n\t<\/p>\n<p>\u201eDie Auszeichnung mit dem Publikumspreis ist eine gro\u00dfartige Best\u00e4tigung unserer imkerlichen Arbeit und der Leidenschaft f\u00fcr unsere Bienenv\u00f6lker\u201c, sagt Patrick Clau\u00df. Besonders freue ihn die Wertsch\u00e4tzung f\u00fcr unverf\u00e4lschtes, regionales Imkerhandwerk.<\/p>\n<p>\n\tJahrzehntelange Familientradition in Hartmannsdorf\n\t<\/p>\n<p>Clau\u00df f\u00fchrt die Muldentalimkerei in Hartmannsdorf im Landkreis Mittelsachsen und ist Bienensachverst\u00e4ndiger. Der Betrieb setzt eine jahrzehntelange Familientradition fort und verbindet nachhaltige Bienenhaltung mit handwerklicher Honiggewinnung.<\/p>\n<p>So ging der Publikumspreis vor der barocken Kulisse bei Bautzen nach Mittelsachsen \u2013 f\u00fcr einen Honig, der den Besuchern besonders gut auf der Zunge lag.<\/p>\n<p>\t<a href=\"https:\/\/www.blick.de\/mittelsachsen\/bienenschwarm-im-garten-ein-imker-aus-hartmannsdorf-erklaert-was-jetzt-zu-tun-ist-artikel14252665\" title=\"Bienenschwarm im Garten: Ein Imker aus Hartmannsdorf erkl\u00e4rt, was jetzt zu tun ist\" class=\"teaser teaser--side-by-side-desktop-larger\" data-ct=\"ARTICLE\/ADDITIONAL-LINK\/TEASER-1\" rel=\"nofollow noopener\" target=\"_blank\"><\/p>\n<p>\t\t\t\t\t\t\t\t\t        \t\t\t\t<img decoding=\"async\" class=\"media-image teaser__img\" loading=\"lazy\" fetchpriority=\"auto\" src=\"https:\/\/www.europesays.com\/de\/wp-content\/uploads\/2026\/08\/18760547_W360C2040x1360o0x0.jpg\" alt=\"Bienenschwarm im Garten: Ein Imker aus Hartmannsdorf erkl\u00e4rt, was jetzt zu tun ist - Pl\u00f6tzlich h\u00e4ngt ein Bienenschwarm im Garten \u2013 was tun? Imker Patrick Clau\u00df erkl\u00e4rt, warum Ruhe jetzt entscheidend ist.\"   style=\"&#10;&#9;&#9;&#9;aspect-ratio:2040\/1360;&#10;&#9;&#9;&#9;background: url(data:image\/jpg;base64,\/9j\/2wBDAAUDBAQEAwUEBAQFBQUGBwwIBwcHBw8LCwkMEQ8SEhEPERETFhwXExQaFRERGCEYGh0dHx8fExciJCIeJBweHx7\/2wBDAQUFBQcGBw4ICA4eFBEUHh4eHh4eHh4eHh4eHh4eHh4eHh4eHh4eHh4eHh4eHh4eHh4eHh4eHh4eHh4eHh4eHh7\/wAARCAAHAAoDASIAAhEBAxEB\/8QAHwAAAQUBAQEBAQEAAAAAAAAAAAECAwQFBgcICQoL\/8QAtRAAAgEDAwIEAwUFBAQAAAF9AQIDAAQRBRIhMUEGE1FhByJxFDKBkaEII0KxwRVS0fAkM2JyggkKFhcYGRolJicoKSo0NTY3ODk6Q0RFRkdISUpTVFVWV1hZWmNkZWZnaGlqc3R1dnd4eXqDhIWGh4iJipKTlJWWl5iZmqKjpKWmp6ipqrKztLW2t7i5usLDxMXGx8jJytLT1NXW19jZ2uHi4+Tl5ufo6erx8vP09fb3+Pn6\/8QAHwEAAwEBAQEBAQEBAQAAAAAAAAECAwQFBgcICQoL\/8QAtREAAgECBAQDBAcFBAQAAQJ3AAECAxEEBSExBhJBUQdhcRMiMoEIFEKRobHBCSMzUvAVYnLRChYkNOEl8RcYGRomJygpKjU2Nzg5OkNERUZHSElKU1RVVldYWVpjZGVmZ2hpanN0dXZ3eHl6goOEhYaHiImKkpOUlZaXmJmaoqOkpaanqKmqsrO0tba3uLm6wsPExcbHyMnK0tPU1dbX2Nna4uPk5ebn6Onq8vP09fb3+Pn6\/9oADAMBAAIRAxEAPwDnYdJ0HT9M0hTeXks8Eh\/tR4Bg+Y7AMMtggKCMbSfXg81qXenad9rm8ltEij3tsQ2MzFRngZLZOPU0UV8xXxM4tL+uh6OXYWniqTlU3TS\/A\/\/Z) no-repeat left top; background-size: cover;&#9;&#9;&#9;width: 100%;&#9;&#9;\"\/><\/p>\n<p>\t\t\t\t\t\tBienenschwarm im Garten: Ein Imker aus Hartmannsdorf erkl\u00e4rt, was jetzt zu tun ist<\/p>\n<p class=\"teaser__text\">Ein dunkles Summen \u00fcber der Hecke, hunderte Bienen am Baum \u2013 und mitten darin ein Hartmannsdorfer Imker, der nicht nur Schw\u00e4rme einf\u00e4ngt, sondern eine alte Familientradition weiterleben l\u00e4sst.<\/p>\n<p>\t<\/a><\/p>\n<p>\n\t\t\t<a class=\"link\" href=\"http:\/\/www.blick.de\/cdn-cgi\/l\/email-protection#3c575352485d57487c5e50555f57125859034f495e56595f48017455524b59554f190e0c464951190e0c7d4e4855575950190e0c6f55595b594e190e0c5753515148190e0c5d494f190e0c7155484859504f5d5f544f5952190f7d190e0c745d4e48515d52524f58534e5a594e190e0c745352555b190e0c5b50197f0f197d08524648190e0c4a534e190e0c5e5d4e535f57594e190e0c6f5f5450534f4f574950554f4f59\" data-ct=\"ARTIKEL\/FOOTER\/KORREKTURHINWEIS\" rel=\"nofollow noopener\" target=\"_blank\"><br \/>\n\t\t\t\tHabt ihr eine Meinung zu diesem Artikel oder einen Fehler entdeckt? Dann weist uns gern darauf hin.<br \/>\n\t\t\t<\/a>\n\t\t<\/p>\n","protected":false},"excerpt":{"rendered":"Goldgelber Honig, feine Aromen und barocke Schlosskulisse: Im Barockschloss Oberlichtenau bei Bautzen drehte sich am Samstag alles um&hellip;\n","protected":false},"author":2,"featured_media":1271652,"comment_status":"","ping_status":"","sticky":false,"template":"","format":"standard","meta":{"footnotes":"","_share_on_mastodon":"0"},"categories":[1851],"tags":[2770,3364,29,548,663,3934,3858,30,13,14,15,859,12],"class_list":["post-1271651","post","type-post","status-publish","format-standard","has-post-thumbnail","category-chemnitz","tag-chemnitz","tag-de","tag-deutschland","tag-eu","tag-europa","tag-europe","tag-firmenleben-firmen-in-not","tag-germany","tag-headlines","tag-nachrichten","tag-news","tag-sachsen","tag-schlagzeilen"],"share_on_mastodon":{"url":"","error":""},"_links":{"self":[{"href":"https:\/\/www.europesays.com\/de\/wp-json\/wp\/v2\/posts\/1271651","targetHints":{"allow":["GET"]}}],"collection":[{"href":"https:\/\/www.europesays.com\/de\/wp-json\/wp\/v2\/posts"}],"about":[{"href":"https:\/\/www.europesays.com\/de\/wp-json\/wp\/v2\/types\/post"}],"author":[{"embeddable":true,"href":"https:\/\/www.europesays.com\/de\/wp-json\/wp\/v2\/users\/2"}],"replies":[{"embeddable":true,"href":"https:\/\/www.europesays.com\/de\/wp-json\/wp\/v2\/comments?post=1271651"}],"version-history":[{"count":0,"href":"https:\/\/www.europesays.com\/de\/wp-json\/wp\/v2\/posts\/1271651\/revisions"}],"wp:featuredmedia":[{"embeddable":true,"href":"https:\/\/www.europesays.com\/de\/wp-json\/wp\/v2\/media\/1271652"}],"wp:attachment":[{"href":"https:\/\/www.europesays.com\/de\/wp-json\/wp\/v2\/media?parent=1271651"}],"wp:term":[{"taxonomy":"category","embeddable":true,"href":"https:\/\/www.europesays.com\/de\/wp-json\/wp\/v2\/categories?post=1271651"},{"taxonomy":"post_tag","embeddable":true,"href":"https:\/\/www.europesays.com\/de\/wp-json\/wp\/v2\/tags?post=1271651"}],"curies":[{"name":"wp","href":"https:\/\/api.w.org\/{rel}","templated":true}]}}