{"id":1271653,"date":"2026-08-31T10:59:20","date_gmt":"2026-08-31T10:59:20","guid":{"rendered":"https:\/\/www.europesays.com\/de\/1271653\/"},"modified":"2026-08-31T10:59:20","modified_gmt":"2026-08-31T10:59:20","slug":"er-trug-braunschweig-shirt-in-hannover-mann-am-hauptbahnhof-attackiert","status":"publish","type":"post","link":"https:\/\/www.europesays.com\/de\/1271653\/","title":{"rendered":"Er trug Braunschweig-Shirt in Hannover: Mann am Hauptbahnhof attackiert"},"content":{"rendered":"<p>Mann f\u00e4llt vom Bahnsteig <\/p>\n<p>Er trug BTSV-Shirt in Hannover: 23-J\u00e4hriger attackiert<\/p>\n<p>31.08.2026 &#8211; 12:52 UhrLesedauer: 2 Min.<\/p>\n<p><a href=\"#focus-0\" class=\"transition-colors block text-current relative\" data-sctrack=\"FocusGalleryImage.Reference\"><img fetchpriority=\"high\" data-testid=\"Opener.Image\"   loading=\"eager\" src=\"https:\/\/www.europesays.com\/de\/wp-content\/uploads\/2026\/08\/braunschweiger-fans-symbolbild-ein-23-jaehriger-wurde-am-hauptbahnhof-in-hannover-angegriffen.jpg\" alt=\"Braunschweiger Fans (Symbolbild): Ein 23-J\u00e4hriger wurde am Hauptbahnhof in Hannover angegriffen.\" title=\"Braunschweiger Fans (Symbolbild): Ein 23-J\u00e4hriger wurde am Hauptbahnhof in Hannover angegriffen.\" width=\"1614\" height=\"908\" class=\"bg-[url:var(--lqipURL)] bg-cover bg-center flex h-full w-full max-w-full\" style=\"--lqipURL:url('https:\/\/images.t-online.de\/2026\/08\/RkZueFNfsBCd\/657x61:1614x908\/fit-in\/150x0\/filters:blur(25)\/braunschweiger-fans-symbolbild-ein-23-jaehriger-wurde-am-hauptbahnhof-in-hannover-angegriffen.jpg')\" decoding=\"async\"\/><img loading=\"lazy\" src=\"https:\/\/braunschweig.t-online.de\/s\/paper\/_next\/static\/media\/zoom-in.f7dae02f.svg\" alt=\"Vergr\u00f6\u00dfern des Bildes\" title=\"Vergr\u00f6\u00dfern des Bildes\" class=\"block h-[calc(var(--height)_\/_16_*_1rem)] w-[calc(var(--width)_\/_16_*_1rem)] max-w-none absolute right-8 bottom-8 rounded-4 bg-snow p-8\" style=\"--width:32;--height:32\" decoding=\"async\"\/><\/a><\/p>\n<p>Braunschweiger Fans (Symbolbild): Ein 23-J\u00e4hriger wurde am Hauptbahnhof in Hannover angegriffen. (Quelle: Lackovic\/imago-images-bilder)<\/p>\n<p><img loading=\"lazy\" src=\"https:\/\/braunschweig.t-online.de\/s\/paper\/_next\/static\/media\/audio-volume.6689034c.svg\" alt=\"\" title=\"\" class=\"block h-[calc(var(--height)_\/_16_*_1rem)] w-[calc(var(--width)_\/_16_*_1rem)] max-w-none group-hover:brightness-0 group-hover:invert\" style=\"--width:16;--height:16\" decoding=\"async\"\/>Vorlesen<\/p>\n<p>Aktuelle Zeit:0:00Gesamtdauer:0:00<\/p>\n<p>1x<img loading=\"lazy\" src=\"https:\/\/braunschweig.t-online.de\/s\/paper\/_next\/static\/media\/font-sizes.32942e33.svg\" alt=\"\" title=\"\" class=\"block h-[calc(var(--height)_\/_16_*_1rem)] w-[calc(var(--width)_\/_16_*_1rem)] max-w-none group-hover:hidden group-aria-expanded:hidden\" style=\"--width:16;--height:16\" decoding=\"async\"\/><img loading=\"lazy\" src=\"https:\/\/braunschweig.t-online.de\/s\/paper\/_next\/static\/media\/font-sizes-dark-mode.e382645c.svg\" alt=\"\" title=\"\" class=\"block h-[calc(var(--height)_\/_16_*_1rem)] w-[calc(var(--width)_\/_16_*_1rem)] max-w-none hidden group-hover:block group-aria-expanded:block\" style=\"--width:16;--height:16\" decoding=\"async\"\/><img loading=\"lazy\" src=\"https:\/\/braunschweig.t-online.de\/s\/paper\/_next\/static\/media\/sharing-menu-icon.1eb71368.svg\" alt=\"\" title=\"\" class=\"block h-[calc(var(--height)_\/_16_*_1rem)] w-[calc(var(--width)_\/_16_*_1rem)] max-w-none group-hover:brightness-0 group-hover:invert\" style=\"--width:16;--height:16\" decoding=\"async\"\/>Artikel teilen<\/p>\n<p class=\"font-bold text-18 leading-17 user-text-lg:text-22 user-text-xl:text-24\">In einem Shirt von Eintracht Braunschweig steht ein Mann am Hauptbahnhof in Hannover. Ein 17-J\u00e4hriger attackiert ihn \u2013 und wird in einer anderen Stadt gefasst.<\/p>\n<p class=\"text-18 leading-17 user-text-lg:text-22 user-text-xl:text-24\">Weil er ein T-Shirt von <a href=\"https:\/\/www.t-online.de\/themen\/eintracht-braunschweig\/\" class=\"transition-colors cursor-pointer no-underline md:hover:text-magenta md:focus:text-magenta border-b border-solid border-current text-salemsfur md:hover:border-magenta\" data-tracking=\"{&quot;action&quot;:&quot;click&quot;,&quot;category&quot;:&quot;intextLink&quot;,&quot;label&quot;:&quot;https:\/\/www.t-online.de\/themen\/eintracht-braunschweig\/&quot;}\" data-sctrack=\"BodyAnchor\" rel=\"nofollow noopener\" target=\"_blank\">Eintracht Braunschweig<\/a> trug, ist ein 23 Jahre alter Fu\u00dfballfan am Hauptbahnhof Hannover angegriffen worden und dabei fast ins Gleis gest\u00fcrzt. Wie die Bundespolizei am Montag mitteilte, hat die Beh\u00f6rde einen 17-j\u00e4hrigen Tatverd\u00e4chtigen festgenommen.<\/p>\n<p class=\"text-18 leading-17 user-text-lg:text-22 user-text-xl:text-24\">Der Vorfall ereignete sich am fr\u00fchen Samstagmorgen gegen 05.15 Uhr an den Gleisen 3 und 4. Der 23-J\u00e4hrige trug ein T-Shirt von Eintracht Braunschweig. Nach bisherigen Erkenntnissen der Polizei habe ihn ein Unbekannter angesprochen. Der Mann habe sich als Anh\u00e4nger von Hannover 96 ausgegeben und den 23-J\u00e4hrigen aufgefordert, das T-Shirt auszuziehen.<\/p>\n<p>Verd\u00e4chtiger befreit Opfer aus gef\u00e4hrlicher Lage<\/p>\n<p class=\"text-18 leading-17 user-text-lg:text-22 user-text-xl:text-24\">Es soll zu einem Streit gekommen sein. Der Unbekannte soll dem 23-J\u00e4hrigen mit der Faust ins Gesicht geschlagen haben. Zudem habe er versucht, ihm das T-Shirt zu entrei\u00dfen. Bei der Auseinandersetzung sei der 23-J\u00e4hrige kopf\u00fcber zwischen den Bahnsteig und einen abfahrbereiten Zug gest\u00fcrzt.<\/p>\n<p class=\"text-18 leading-17 user-text-lg:text-22 user-text-xl:text-24\">Der Tatverd\u00e4chtige habe ihn wenige Sekunden sp\u00e4ter selbst aus der gef\u00e4hrlichen Lage befreit. Anschlie\u00dfend sei er ohne das T-Shirt gefl\u00fcchtet.<\/p>\n<p>Versuchter Raub: Ermittlungen dauern an<\/p>\n<p class=\"text-18 leading-17 user-text-lg:text-22 user-text-xl:text-24\">Die Bundespolizei sichtete die Videoaufzeichnungen des Hauptbahnhofs. Die Beamten best\u00e4tigten die Angaben des 23-J\u00e4hrigen. Im Zuge der Ermittlungen geriet ein 17-J\u00e4hriger in den Fokus.<\/p>\n<p class=\"text-18 leading-17 user-text-lg:text-22 user-text-xl:text-24\">Einsatzkr\u00e4fte erkannten den Jugendlichen am Sonntag im Hauptbahnhof Frankfurt am Main. Die Festnahme erfolgte im Zusammenhang mit der Anreise zum Spiel zwischen dem SV Darmstadt 98 und Hannover 96. Nach R\u00fccksprache mit der Staatsanwaltschaft Hannover wurde der 17-J\u00e4hrige wieder entlassen. Die Ermittlungen wegen des Verdachts des versuchten schweren Raubes dauern an, wie die Bundespolizei mitteilte.<\/p>\n","protected":false},"excerpt":{"rendered":"Mann f\u00e4llt vom Bahnsteig Er trug BTSV-Shirt in Hannover: 23-J\u00e4hriger attackiert 31.08.2026 &#8211; 12:52 UhrLesedauer: 2 Min. Braunschweiger&hellip;\n","protected":false},"author":2,"featured_media":1271654,"comment_status":"","ping_status":"","sticky":false,"template":"","format":"standard","meta":{"footnotes":"","_share_on_mastodon":"0"},"categories":[1850],"tags":[722,17161,27614,6429,421,3364,29,8704,548,663,3934,30,46,2366,3601,13,14,15,1411,121,12],"class_list":["post-1271653","post","type-post","status-publish","format-standard","has-post-thumbnail","category-braunschweig","tag-722","tag-17161","tag-bahnsteig","tag-braunschweig","tag-bundespolizei","tag-de","tag-deutschland","tag-eintracht-braunschweig","tag-eu","tag-europa","tag-europe","tag-germany","tag-hannover","tag-hannover-96","tag-hauptbahnhof","tag-headlines","tag-nachrichten","tag-news","tag-niedersachsen","tag-polizei","tag-schlagzeilen"],"share_on_mastodon":{"url":"https:\/\/pubeurope.com\/@de\/117189779232658493","error":""},"_links":{"self":[{"href":"https:\/\/www.europesays.com\/de\/wp-json\/wp\/v2\/posts\/1271653","targetHints":{"allow":["GET"]}}],"collection":[{"href":"https:\/\/www.europesays.com\/de\/wp-json\/wp\/v2\/posts"}],"about":[{"href":"https:\/\/www.europesays.com\/de\/wp-json\/wp\/v2\/types\/post"}],"author":[{"embeddable":true,"href":"https:\/\/www.europesays.com\/de\/wp-json\/wp\/v2\/users\/2"}],"replies":[{"embeddable":true,"href":"https:\/\/www.europesays.com\/de\/wp-json\/wp\/v2\/comments?post=1271653"}],"version-history":[{"count":0,"href":"https:\/\/www.europesays.com\/de\/wp-json\/wp\/v2\/posts\/1271653\/revisions"}],"wp:featuredmedia":[{"embeddable":true,"href":"https:\/\/www.europesays.com\/de\/wp-json\/wp\/v2\/media\/1271654"}],"wp:attachment":[{"href":"https:\/\/www.europesays.com\/de\/wp-json\/wp\/v2\/media?parent=1271653"}],"wp:term":[{"taxonomy":"category","embeddable":true,"href":"https:\/\/www.europesays.com\/de\/wp-json\/wp\/v2\/categories?post=1271653"},{"taxonomy":"post_tag","embeddable":true,"href":"https:\/\/www.europesays.com\/de\/wp-json\/wp\/v2\/tags?post=1271653"}],"curies":[{"name":"wp","href":"https:\/\/api.w.org\/{rel}","templated":true}]}}