{"id":1271655,"date":"2026-08-31T11:01:12","date_gmt":"2026-08-31T11:01:12","guid":{"rendered":"https:\/\/www.europesays.com\/de\/1271655\/"},"modified":"2026-08-31T11:01:12","modified_gmt":"2026-08-31T11:01:12","slug":"pol-mg-zeugensuche-50-jaehrige-bestohlen-und-angegriffen","status":"publish","type":"post","link":"https:\/\/www.europesays.com\/de\/1271655\/","title":{"rendered":"POL-MG: Zeugensuche | 50-J\u00e4hrige bestohlen und angegriffen"},"content":{"rendered":"<p class=\"date\">31.08.2026 \u2013 11:48<\/p>\n<p class=\"customer\">\n                        <a class=\"story-customer\" title=\"weiter zum newsroom von Polizei M\u00f6nchengladbach\" href=\"https:\/\/www.presseportal.de\/blaulicht\/nr\/30127\" rel=\"nofollow noopener\" target=\"_blank\">Polizei M\u00f6nchengladbach<\/a>\n                    <\/p>\n<p><a data-category=\"citylink-story-view\" data-action=\"click\" data-label=\"Citylink in Meldungsansicht\" class=\"story-city event-trigger\" href=\"https:\/\/www.presseportal.de\/regional\/M%F6nchengladbach\" title=\"News aus M\u00f6nchengladbach \" rel=\"nofollow noopener\" target=\"_blank\">M\u00f6nchengladbach<\/a> (ots)<\/p>\n<p>Am vergangenen Samstag, 29. August, ist eine Frau nach dem Diebstahl ihrer Handtasche von einem Unbekannten angegriffen worden. Die Polizei sucht nun Zeugen, die Hinweise dazu geben k\u00f6nnen.<\/p>\n<p>Die 50-J\u00e4hrige hielt sich eigenen Angaben zufolge gegen 20.40 Uhr vor einem Restaurant an der Stra\u00dfe Marktstieg in Gladbach auf, als sie von einem unbekannten Mann in ein Gespr\u00e4ch verwickelt worden sei. Nachdem sie kurze Zeit sp\u00e4ter zur\u00fcck ins Restaurant gegangen sei habe sie festgestellt, dass sie ihre Handtasche drau\u00dfen auf einer Fensterbank vergessen hatte. Die Tasche war aber nicht mehr auffindbar.<\/p>\n<p>Ihr Ehemann habe daraufhin ihr Handy, das sich in der Handtasche befand, im Bereich der Viersener Stra\u00dfe orten k\u00f6nnen. Vor Ort angekommen sei die 50-J\u00e4hrige auf den Tatverd\u00e4chtigen getroffen, den sie bereits zuvor vor dem Restaurant gesehen hatte, und sei von ihm mit Pfefferspray angegriffen worden. Danach sei der Unbekannte in Richtung Sonnenhausplatz gefl\u00fcchtet.<\/p>\n<p>Die weitere Ortung des Handys sowie Zeugenaussagen haben ergeben, dass der Tatverd\u00e4chtige im Anschluss in einem Cafe am Berliner Platz war und sich daraufhin \u00fcber die Dessauer Stra\u00dfe und die Theodor-Heuss-Stra\u00dfe entfernt haben muss.<\/p>\n<p>Der Mann wurde wie folgt beschrieben: Er sei circa 25 Jahre alt, etwa 1,80 Meter gro\u00df und habe dunkle Haare sowie einen Bart. Er habe eine dunkle Sweatshirt-Jacke, eine dunkle Hose und eine schwarze Kappe getragen.<\/p>\n<p>Zeugen, die Hinweise zu dem Vorfall bzw. dem Tatverd\u00e4chtigen geben k\u00f6nnen, werden gebeten, sich unter der Rufnummer 02161 290 bei der Polizei zu melden. (sts)<\/p>\n<p class=\"contact-headline\">R\u00fcckfragen von Journalisten bitte an:<\/p>\n<p class=\"contact-text\">Polizei M\u00f6nchengladbach<br \/>Pressestelle<\/p>\n<p>Telefon: 02161 29 10222<br \/>E-Mail: <a href=\"https:\/\/www.presseportal.de\/blaulicht\/pm\/30127\/mailto:pressestelle.moenchengladbach@polizei.nrw.de\" class=\"uri-mailto\" rel=\"nofollow noopener\" target=\"_blank\">pressestelle.moenchengladbach@polizei.nrw.de<\/a><br \/><a target=\"_blank\" class=\"uri-ext outbound\" rel=\"noopener nofollow\" href=\"https:\/\/moenchengladbach.polizei.nrw\">https:\/\/moenchengladbach.polizei.nrw<\/a><\/p>\n<p class=\"originator\">Original-Content von: Polizei M\u00f6nchengladbach, \u00fcbermittelt durch news aktuell<\/p>\n","protected":false},"excerpt":{"rendered":"31.08.2026 \u2013 11:48 Polizei M\u00f6nchengladbach M\u00f6nchengladbach (ots) Am vergangenen Samstag, 29. August, ist eine Frau nach dem Diebstahl&hellip;\n","protected":false},"author":2,"featured_media":1266941,"comment_status":"","ping_status":"","sticky":false,"template":"","format":"standard","meta":{"footnotes":"","_share_on_mastodon":"0"},"categories":[1849],"tags":[3364,29,548,663,3934,30,13,177,4455,14,15,1209,176,121,178,180,179,181,12],"class_list":["post-1271655","post","type-post","status-publish","format-standard","has-post-thumbnail","category-moenchengladbach","tag-de","tag-deutschland","tag-eu","tag-europa","tag-europe","tag-germany","tag-headlines","tag-kriminalitt","tag-moenchengladbach","tag-nachrichten","tag-news","tag-nordrhein-westfalen","tag-nrw","tag-polizei","tag-presse","tag-pressemeldung","tag-pressemitteilung","tag-pressemitteilungen","tag-schlagzeilen"],"share_on_mastodon":{"url":"","error":""},"_links":{"self":[{"href":"https:\/\/www.europesays.com\/de\/wp-json\/wp\/v2\/posts\/1271655","targetHints":{"allow":["GET"]}}],"collection":[{"href":"https:\/\/www.europesays.com\/de\/wp-json\/wp\/v2\/posts"}],"about":[{"href":"https:\/\/www.europesays.com\/de\/wp-json\/wp\/v2\/types\/post"}],"author":[{"embeddable":true,"href":"https:\/\/www.europesays.com\/de\/wp-json\/wp\/v2\/users\/2"}],"replies":[{"embeddable":true,"href":"https:\/\/www.europesays.com\/de\/wp-json\/wp\/v2\/comments?post=1271655"}],"version-history":[{"count":0,"href":"https:\/\/www.europesays.com\/de\/wp-json\/wp\/v2\/posts\/1271655\/revisions"}],"wp:featuredmedia":[{"embeddable":true,"href":"https:\/\/www.europesays.com\/de\/wp-json\/wp\/v2\/media\/1266941"}],"wp:attachment":[{"href":"https:\/\/www.europesays.com\/de\/wp-json\/wp\/v2\/media?parent=1271655"}],"wp:term":[{"taxonomy":"category","embeddable":true,"href":"https:\/\/www.europesays.com\/de\/wp-json\/wp\/v2\/categories?post=1271655"},{"taxonomy":"post_tag","embeddable":true,"href":"https:\/\/www.europesays.com\/de\/wp-json\/wp\/v2\/tags?post=1271655"}],"curies":[{"name":"wp","href":"https:\/\/api.w.org\/{rel}","templated":true}]}}