{"id":1271662,"date":"2026-08-31T11:09:22","date_gmt":"2026-08-31T11:09:22","guid":{"rendered":"https:\/\/www.europesays.com\/de\/1271662\/"},"modified":"2026-08-31T11:09:22","modified_gmt":"2026-08-31T11:09:22","slug":"baeume-solar-wasser-was-daecher-in-mannheim-koennen-mannheim","status":"publish","type":"post","link":"https:\/\/www.europesays.com\/de\/1271662\/","title":{"rendered":"B\u00e4ume, Solar, Wasser: Was D\u00e4cher in Mannheim k\u00f6nnen &#8211; Mannheim"},"content":{"rendered":"<p class=\"rhp-dpa-teaser\"><b>Das Mannheimer \u201eDachfestival\u201c zeigt, was auf den freien Fl\u00e4chen \u00fcber der Stadt m\u00f6glich ist \u2013 von B\u00e4umen bis Kino. N2 wird am 26. September zum Testfeld.<\/b><\/p>\n<p>Flache D\u00e4cher gibt es in den Quadraten viele. Die meisten sind \u2013 vom Schutz vor Wind und Wetter mal abgesehen \u2013 meist ungenutzt. Dabei lohnt nicht nur der fantastische Ausblick. Begr\u00fcnung, Photovoltaik, urbanes G\u00e4rtnern, Regenwasserspeicher: die M\u00f6glichkeiten auf der freien Etage in luftiger H\u00f6he w\u00e4ren vielf\u00e4ltig.<\/p>\n<p class=\"rhp-teaser\"><b>Das Mannheimer \u201eDachfestival\u201c zeigt, was auf den freien Fl\u00e4chen \u00fcber der Stadt m\u00f6glich ist \u2013 von B\u00e4umen bis Kino. N2 wird am 26. September zum Testfeld.<\/b><\/p>\n","protected":false},"excerpt":{"rendered":"Das Mannheimer \u201eDachfestival\u201c zeigt, was auf den freien Fl\u00e4chen \u00fcber der Stadt m\u00f6glich ist \u2013 von B\u00e4umen bis&hellip;\n","protected":false},"author":2,"featured_media":1271663,"comment_status":"","ping_status":"","sticky":false,"template":"","format":"standard","meta":{"footnotes":"","_share_on_mastodon":"0"},"categories":[1845],"tags":[1634,3364,29,548,663,3934,30,13,2096,14,15,12,22954,111899],"class_list":["post-1271662","post","type-post","status-publish","format-standard","has-post-thumbnail","category-mannheim","tag-baden-wuerttemberg","tag-de","tag-deutschland","tag-eu","tag-europa","tag-europe","tag-germany","tag-headlines","tag-mannheim","tag-nachrichten","tag-news","tag-schlagzeilen","tag-schutz","tag-web"],"share_on_mastodon":{"url":"","error":""},"_links":{"self":[{"href":"https:\/\/www.europesays.com\/de\/wp-json\/wp\/v2\/posts\/1271662","targetHints":{"allow":["GET"]}}],"collection":[{"href":"https:\/\/www.europesays.com\/de\/wp-json\/wp\/v2\/posts"}],"about":[{"href":"https:\/\/www.europesays.com\/de\/wp-json\/wp\/v2\/types\/post"}],"author":[{"embeddable":true,"href":"https:\/\/www.europesays.com\/de\/wp-json\/wp\/v2\/users\/2"}],"replies":[{"embeddable":true,"href":"https:\/\/www.europesays.com\/de\/wp-json\/wp\/v2\/comments?post=1271662"}],"version-history":[{"count":0,"href":"https:\/\/www.europesays.com\/de\/wp-json\/wp\/v2\/posts\/1271662\/revisions"}],"wp:featuredmedia":[{"embeddable":true,"href":"https:\/\/www.europesays.com\/de\/wp-json\/wp\/v2\/media\/1271663"}],"wp:attachment":[{"href":"https:\/\/www.europesays.com\/de\/wp-json\/wp\/v2\/media?parent=1271662"}],"wp:term":[{"taxonomy":"category","embeddable":true,"href":"https:\/\/www.europesays.com\/de\/wp-json\/wp\/v2\/categories?post=1271662"},{"taxonomy":"post_tag","embeddable":true,"href":"https:\/\/www.europesays.com\/de\/wp-json\/wp\/v2\/tags?post=1271662"}],"curies":[{"name":"wp","href":"https:\/\/api.w.org\/{rel}","templated":true}]}}