{"id":1271666,"date":"2026-08-31T11:13:29","date_gmt":"2026-08-31T11:13:29","guid":{"rendered":"https:\/\/www.europesays.com\/de\/1271666\/"},"modified":"2026-08-31T11:13:29","modified_gmt":"2026-08-31T11:13:29","slug":"karlsruhe-angriff-auf-autofahrer-in-oststadt-polizei-sucht-taetergruppe","status":"publish","type":"post","link":"https:\/\/www.europesays.com\/de\/1271666\/","title":{"rendered":"Karlsruhe: Angriff auf Autofahrer in Oststadt \u2013 Polizei sucht T\u00e4tergruppe"},"content":{"rendered":"<p class=\"mb-6 text-xs-varying md:text-m lg:text-l font-serif group-[.font-sans]:font-sans \">\n    In der Nacht auf <strong class=\"font-bold\">Montag, 31. August 2026<\/strong>, haben mehrere unbekannte M\u00e4nner einen 28-j\u00e4hrigen Autofahrer in der Karlsruher Oststadt angegriffen und verletzt. Nach Angaben der Polizei rief der Gesch\u00e4digte selbst die Beamten, nachdem er sich in sein Fahrzeug retten und fl\u00fcchten konnte.\n  <\/p>\n<p>            Vorfall an Kreuzung in der Karlsruher Oststadt<\/p>\n<p class=\"mb-6 text-xs-varying md:text-m lg:text-l font-serif group-[.font-sans]:font-sans \">\n    Gegen 1.20 Uhr fuhr der 28-J\u00e4hrige mit seinem Pkw auf der Ludwig-Erhard-Allee in Richtung Stadtmitte. An der Kreuzung zur Fritz-Erler-Stra\u00dfe traten zwei bislang unbekannte M\u00e4nner unvermittelt auf die Fahrbahn. Der Fahrer bremste stark ab und bet\u00e4tigte die Hupe, um einen Zusammensto\u00df zu verhindern. Einer der M\u00e4nner warf daraufhin eine Packung Gefriergut auf das Fahrzeug. Der 28-J\u00e4hrige stieg aus, um die Unbekannten anzusprechen.\n  <\/p>\n<p class=\"mb-6 text-xs-varying md:text-m lg:text-l font-serif group-[.font-sans]:font-sans \">\n    Im weiteren Verlauf eskalierte die Situation. Einer der Tatverd\u00e4chtigen <strong class=\"font-bold\">schlug dem 28-J\u00e4hrigen mit der Faust ins Gesicht. Als dieser zu Boden ging, kamen weitere M\u00e4nner hinzu, die ebenfalls auf den Gesch\u00e4digten einschlugen.<\/strong> Laut Polizei soll es sich insgesamt um f\u00fcnf bis sechs M\u00e4nner im Alter von etwa 20 bis 25 Jahren gehandelt haben.\n  <\/p>\n<p>            Polizei fahndet nach Angreifern in Karlsruhe<\/p>\n<p class=\"mb-6 text-xs-varying md:text-m lg:text-l font-serif group-[.font-sans]:font-sans \">\n    Dem 28-J\u00e4hrigen gelang es schlie\u00dflich, in sein <a href=\"https:\/\/www.ka-news.de\/auto\" target=\"_self\" class=\"underline \" rel=\"nofollow noopener\">Auto<\/a> zu gelangen und davonzufahren. Alarmierte Rettungskr\u00e4fte brachten ihn mit Gesichtsverletzungen in ein Krankenhaus. Eine sofort eingeleitete Fahndung verlief ohne Ergebnis \u2013 die Angreifer konnten nicht mehr angetroffen werden.\n  <\/p>\n<p class=\"mb-6 text-xs-varying md:text-m lg:text-l font-serif group-[.font-sans]:font-sans \">\n    Der mutma\u00dfliche Hauptt\u00e4ter wird als Mann mit dunkelblonden Haaren beschrieben. Er trug einen hellblauen Pullover und eine Jeans. Hinweise zu dem Vorfall nimmt das Polizeirevier Karlsruhe-Marktplatz unter der Telefonnummer <a href=\"https:\/\/www.ka-news.de\/karlsruhe\/blaulicht\/tel:07216663311\" rel=\"nofollow noopener\" target=\"_blank\" class=\"underline \">0721\/666-3311<\/a> entgegen.\n  <\/p>\n<p class=\"mb-6 text-xs-varying md:text-m lg:text-l font-serif group-[.font-sans]:font-sans \">\n    Quelle: Polizei<a href=\"https:\/\/www.presseportal.de\/blaulicht\/pm\/110972\/6342618\" rel=\"nofollow noopener\" target=\"_blank\" class=\"underline \">pr\u00e4sidium Karlsruhe. Hinwei<\/a>s: Diese Meldung wurde unterst\u00fctzt von KI erstellt.\n  <\/p>\n","protected":false},"excerpt":{"rendered":"In der Nacht auf Montag, 31. August 2026, haben mehrere unbekannte M\u00e4nner einen 28-j\u00e4hrigen Autofahrer in der Karlsruher&hellip;\n","protected":false},"author":2,"featured_media":823692,"comment_status":"","ping_status":"","sticky":false,"template":"","format":"standard","meta":{"footnotes":"","_share_on_mastodon":"0"},"categories":[1844],"tags":[2140,513,1634,3364,29,514,168163,30,8903,1256,4077,121,19135],"class_list":["post-1271666","post","type-post","status-publish","format-standard","has-post-thumbnail","category-karlsruhe","tag-angriff","tag-auto","tag-baden-wuerttemberg","tag-de","tag-deutschland","tag-fahrzeug","tag-fritz-erler-strasse","tag-germany","tag-karlsruhe","tag-kuenstliche-intelligenz","tag-oststadt","tag-polizei","tag-taetergruppe"],"share_on_mastodon":{"url":"https:\/\/pubeurope.com\/@de\/117189830589767937","error":""},"_links":{"self":[{"href":"https:\/\/www.europesays.com\/de\/wp-json\/wp\/v2\/posts\/1271666","targetHints":{"allow":["GET"]}}],"collection":[{"href":"https:\/\/www.europesays.com\/de\/wp-json\/wp\/v2\/posts"}],"about":[{"href":"https:\/\/www.europesays.com\/de\/wp-json\/wp\/v2\/types\/post"}],"author":[{"embeddable":true,"href":"https:\/\/www.europesays.com\/de\/wp-json\/wp\/v2\/users\/2"}],"replies":[{"embeddable":true,"href":"https:\/\/www.europesays.com\/de\/wp-json\/wp\/v2\/comments?post=1271666"}],"version-history":[{"count":0,"href":"https:\/\/www.europesays.com\/de\/wp-json\/wp\/v2\/posts\/1271666\/revisions"}],"wp:featuredmedia":[{"embeddable":true,"href":"https:\/\/www.europesays.com\/de\/wp-json\/wp\/v2\/media\/823692"}],"wp:attachment":[{"href":"https:\/\/www.europesays.com\/de\/wp-json\/wp\/v2\/media?parent=1271666"}],"wp:term":[{"taxonomy":"category","embeddable":true,"href":"https:\/\/www.europesays.com\/de\/wp-json\/wp\/v2\/categories?post=1271666"},{"taxonomy":"post_tag","embeddable":true,"href":"https:\/\/www.europesays.com\/de\/wp-json\/wp\/v2\/tags?post=1271666"}],"curies":[{"name":"wp","href":"https:\/\/api.w.org\/{rel}","templated":true}]}}