{"id":1271683,"date":"2026-08-31T11:31:32","date_gmt":"2026-08-31T11:31:32","guid":{"rendered":"https:\/\/www.europesays.com\/de\/1271683\/"},"modified":"2026-08-31T11:31:32","modified_gmt":"2026-08-31T11:31:32","slug":"usa-greifen-iran-wieder-an-was-ist-trumps-plan","status":"publish","type":"post","link":"https:\/\/www.europesays.com\/de\/1271683\/","title":{"rendered":"USA greifen Iran wieder an: Was ist Trumps Plan?"},"content":{"rendered":"<p>Die iranische Regierung verurteilte die j\u00fcngsten US-Angriffe scharf. Als Reaktion griffen iranische Streitkr\u00e4fte nach eigenen Angaben US-Ziele in Jordanien und den Vereinigten Arabischen Emiraten an. Jordanien teilte mit, acht Raketen abgefangen zu haben, die in seinen Luftraum eingedrungen waren.<\/p>\n<p>Welche Ziele wurden konkret getroffen? Was ist das Ziel der Angriffe? Welche Handlungsoptionen haben die USA noch? Dar\u00fcber spricht Christina von Ungern-Sternberg bei ZDFheute live mit der ZDF-Korrespondentin f\u00fcr Iran, Phoebe Gaa, und Politikwissenschaftler Prof. Stephan Bierling von der Universit\u00e4t Regensburg.<\/p>\n<p>Mit Material von AFP und AP<\/p>\n<p>\u00c4hnliche Inhalte entdecken<\/p>\n","protected":false},"excerpt":{"rendered":"Die iranische Regierung verurteilte die j\u00fcngsten US-Angriffe scharf. Als Reaktion griffen iranische Streitkr\u00e4fte nach eigenen Angaben US-Ziele in&hellip;\n","protected":false},"author":2,"featured_media":1271684,"comment_status":"","ping_status":"","sticky":false,"template":"","format":"standard","meta":{"footnotes":"","_share_on_mastodon":"0"},"categories":[3977],"tags":[331,332,13,14,15,12,4017,4018,4016,64,4019,4020],"class_list":["post-1271683","post","type-post","status-publish","format-standard","has-post-thumbnail","category-usa","tag-aktuelle-nachrichten","tag-aktuelle-news","tag-headlines","tag-nachrichten","tag-news","tag-schlagzeilen","tag-united-states","tag-united-states-of-america","tag-us","tag-usa","tag-vereinigte-staaten","tag-vereinigte-staaten-von-amerika"],"share_on_mastodon":{"url":"","error":""},"_links":{"self":[{"href":"https:\/\/www.europesays.com\/de\/wp-json\/wp\/v2\/posts\/1271683","targetHints":{"allow":["GET"]}}],"collection":[{"href":"https:\/\/www.europesays.com\/de\/wp-json\/wp\/v2\/posts"}],"about":[{"href":"https:\/\/www.europesays.com\/de\/wp-json\/wp\/v2\/types\/post"}],"author":[{"embeddable":true,"href":"https:\/\/www.europesays.com\/de\/wp-json\/wp\/v2\/users\/2"}],"replies":[{"embeddable":true,"href":"https:\/\/www.europesays.com\/de\/wp-json\/wp\/v2\/comments?post=1271683"}],"version-history":[{"count":0,"href":"https:\/\/www.europesays.com\/de\/wp-json\/wp\/v2\/posts\/1271683\/revisions"}],"wp:featuredmedia":[{"embeddable":true,"href":"https:\/\/www.europesays.com\/de\/wp-json\/wp\/v2\/media\/1271684"}],"wp:attachment":[{"href":"https:\/\/www.europesays.com\/de\/wp-json\/wp\/v2\/media?parent=1271683"}],"wp:term":[{"taxonomy":"category","embeddable":true,"href":"https:\/\/www.europesays.com\/de\/wp-json\/wp\/v2\/categories?post=1271683"},{"taxonomy":"post_tag","embeddable":true,"href":"https:\/\/www.europesays.com\/de\/wp-json\/wp\/v2\/tags?post=1271683"}],"curies":[{"name":"wp","href":"https:\/\/api.w.org\/{rel}","templated":true}]}}