{"id":1271686,"date":"2026-08-31T11:34:25","date_gmt":"2026-08-31T11:34:25","guid":{"rendered":"https:\/\/www.europesays.com\/de\/1271686\/"},"modified":"2026-08-31T11:34:25","modified_gmt":"2026-08-31T11:34:25","slug":"frankreich-offen-fuer-kampfjet-kooperation-mit-schweden-nach-fcas-scheitern","status":"publish","type":"post","link":"https:\/\/www.europesays.com\/de\/1271686\/","title":{"rendered":"Frankreich offen f\u00fcr Kampfjet-Kooperation mit Schweden: Nach FCAS-Scheitern"},"content":{"rendered":"<p>Frankreich zeigt sich offen f\u00fcr eine m\u00f6gliche Zusammenarbeit mit Schweden bei der Entwicklung eines Kampfjets der n\u00e4chsten Generation. Das machte ein Vertreter des Elys\u00e9e-Palasts am Freitag gegen\u00fcber Journalisten deutlich. Heute reist Staatspr\u00e4sident Emmanuel Macron zu einem Besuch nach Schweden.<\/p>\n<p>Aus dem Umfeld des Pr\u00e4sidenten hie\u00df es, beide L\u00e4nder verfolgten \u00e4hnliche Vorstellungen von einem eher kompakten Flugzeugtyp. Als konkretes Kooperationsfeld wurde die Triebwerksproduktion genannt. Frankreich verf\u00fcge \u00fcber entsprechende industrielle Kapazit\u00e4ten, \u00fcber die Schweden nicht verf\u00fcge.<\/p>\n<p>Nach dem Scheitern von FCAS<\/p>\n<p>Frankreichs bisheriges Vorzeigeprojekt f\u00fcr einen Kampfjet der n\u00e4chsten Generation mit Deutschland und Spanien scheiterte dieses Jahr nach langen Streitereien. Das gemeinsam mit Deutschland und Spanien geplante <a href=\"https:\/\/www.flugrevue.de\/militaer\/italien-offen-fuer-neue-partner-bei-kampfjet-projekt-gcap-statt-fcas\/\" target=\"_blank\" rel=\"nofollow noopener\">&#8222;Future Combat Air System&#8220; (FCAS)<\/a> war jahrelang von Spannungen zwischen dem franz\u00f6sischen Hersteller Dassault und Airbus Defence and Space gepr\u00e4gt. Berichten zufolge hatte sich zuvor bereits Deutschland an Stockholm gewandt, um Kooperationen auszuloten.<\/p>\n<p>Saab und Dassault als m\u00f6gliche Partner<\/p>\n<p>Schwedens R\u00fcstungskonzern produziert bereits einen Kampfjet, der auf dem Weltmarkt im vergangenen und laufenden Jahr gro\u00dfe Erfolge feiern konnte.<\/p>\n<p>Das Triebwerk der Gripen E\/F, F414G, kommt allerdings vom US\u2011Unternehmen GE Aerospace. Der franz\u00f6sische Konzern Safran stellt Antriebe im Gegensatz dazu selbst her.<\/p>\n<p>F\u00fcr Safran w\u00e4re eine Kooperation mit Schweden eine gute Nachricht, denn seit dem Ende von FCAS steht es um die gemeinsame <a href=\"https:\/\/www.flugrevue.de\/flugzeugbau\/naechster-europaeischer-fighter-chancen-fuer-mtu-safran-triebwerk-schwinden\/\" target=\"_blank\" rel=\"nofollow noopener\">Triebwerksentwicklung von MTU Aero Engines, Safran und ITP Aero<\/a> f\u00fcr einen k\u00fcnftigen europ\u00e4ischen Kampfjet genauso schlecht. Die Finanzierung der aktuellen Entwicklungsphase l\u00e4uft Ende September aus, eine Anschlussfinanzierung ist nicht in Sicht.<\/p>\n<p>Schweden will bis September 2027 \u00fcber die weiteren Schritte seines Kampfjet-Programms entscheiden.<\/p>\n","protected":false},"excerpt":{"rendered":"Frankreich zeigt sich offen f\u00fcr eine m\u00f6gliche Zusammenarbeit mit Schweden bei der Entwicklung eines Kampfjets der n\u00e4chsten Generation.&hellip;\n","protected":false},"author":2,"featured_media":1271687,"comment_status":"","ping_status":"","sticky":false,"template":"","format":"standard","meta":{"footnotes":"","_share_on_mastodon":"0"},"categories":[3974],"tags":[262644,331,332,3984,37830,1356,548,663,3934,186041,3980,156,262164,262645,13,717,451,14,15,73815,80472,12,1319],"class_list":["post-1271686","post","type-post","status-publish","format-standard","has-post-thumbnail","category-frankreich","tag-airbus-defence-and-space","tag-aktuelle-nachrichten","tag-aktuelle-news","tag-dassault","tag-elysee-palast","tag-emmanuel-macron","tag-eu","tag-europa","tag-europe","tag-flug-aktuelles","tag-france","tag-frankreich","tag-ge-aerospace","tag-gripen-e-f","tag-headlines","tag-kampfflugzeuge","tag-militaer","tag-nachrichten","tag-news","tag-saab","tag-safran","tag-schlagzeilen","tag-schweden"],"share_on_mastodon":{"url":"https:\/\/pubeurope.com\/@de\/117189912947238817","error":""},"_links":{"self":[{"href":"https:\/\/www.europesays.com\/de\/wp-json\/wp\/v2\/posts\/1271686","targetHints":{"allow":["GET"]}}],"collection":[{"href":"https:\/\/www.europesays.com\/de\/wp-json\/wp\/v2\/posts"}],"about":[{"href":"https:\/\/www.europesays.com\/de\/wp-json\/wp\/v2\/types\/post"}],"author":[{"embeddable":true,"href":"https:\/\/www.europesays.com\/de\/wp-json\/wp\/v2\/users\/2"}],"replies":[{"embeddable":true,"href":"https:\/\/www.europesays.com\/de\/wp-json\/wp\/v2\/comments?post=1271686"}],"version-history":[{"count":0,"href":"https:\/\/www.europesays.com\/de\/wp-json\/wp\/v2\/posts\/1271686\/revisions"}],"wp:featuredmedia":[{"embeddable":true,"href":"https:\/\/www.europesays.com\/de\/wp-json\/wp\/v2\/media\/1271687"}],"wp:attachment":[{"href":"https:\/\/www.europesays.com\/de\/wp-json\/wp\/v2\/media?parent=1271686"}],"wp:term":[{"taxonomy":"category","embeddable":true,"href":"https:\/\/www.europesays.com\/de\/wp-json\/wp\/v2\/categories?post=1271686"},{"taxonomy":"post_tag","embeddable":true,"href":"https:\/\/www.europesays.com\/de\/wp-json\/wp\/v2\/tags?post=1271686"}],"curies":[{"name":"wp","href":"https:\/\/api.w.org\/{rel}","templated":true}]}}