{"id":1271690,"date":"2026-08-31T11:37:22","date_gmt":"2026-08-31T11:37:22","guid":{"rendered":"https:\/\/www.europesays.com\/de\/1271690\/"},"modified":"2026-08-31T11:37:22","modified_gmt":"2026-08-31T11:37:22","slug":"byd-racco-greift-chinas-miniauto-jetzt-europa-an","status":"publish","type":"post","link":"https:\/\/www.europesays.com\/de\/1271690\/","title":{"rendered":"BYD Racco: Greift Chinas Miniauto jetzt Europa an?"},"content":{"rendered":"<p class=\"wp-block-paragraph\">Wer dachte, dass extrem kompakte Elektroautos nur etwas f\u00fcr die engen Stra\u00dfen in Tokio sind, wird jetzt eines Besseren belehrt. <strong>BYD<\/strong> nutzt die Technik seines frisch in Japan gestarteten K-Cars <strong>Racco<\/strong> n\u00e4mlich nicht nur f\u00fcr den asiatischen Markt, sondern rollt das Plattform-Konzept weltumspannend aus. Der eigentliche Aufreger daran: Das Modell <a href=\"https:\/\/cnevpost.com\/2026\/08\/31\/byd-to-take-racco-k-car-tech-global\/\" target=\"_blank\" rel=\"noreferrer noopener nofollow\">nimmt<\/a> direkt den europ\u00e4ischen Markt ins Visier.<\/p>\n<p class=\"wp-block-paragraph\">Im Zentrum dieser Entwicklung steht BYDs neu entwickeltes <strong>X-PACK-Batteriesystem<\/strong>. Statt Wechselrichter und andere volumin\u00f6se Leistungselektronik wie bisher \u00fcblich im Vorderwagen unter der Motorhaube zu stapeln, wandern diese Komponenten beim X-PACK direkt in das Akku-Geh\u00e4use unter dem Fahrzeugboden. Das schafft sp\u00fcrbar Platz im Innenraum und h\u00e4lt selbst bei extremen Abmessungen die n\u00f6tige Knautschzone f\u00fcr Crash-Tests frei.<\/p>\n<p>X-PACK macht Schluss mit verschenktem Platz<\/p>\n<p class=\"wp-block-paragraph\">Dass wir in Europa dringend bezahlbare und kompakte Stromer brauchen, liegt auf der Hand. In Japan erf\u00fcllt der Racco mit <strong>3.395 mm L\u00e4nge<\/strong>, <strong>1.475 mm Breite<\/strong> und <strong>1.800 mm H\u00f6he<\/strong> exakt die strengen K-Car-Vorgaben. Trotz der winzigen Stellfl\u00e4che packt BYD im Topmodell <strong>35,84 kWh<\/strong> Akkukapazit\u00e4t unter den Boden, was f\u00fcr <strong>320 Kilometer Reichweite nach WLTC<\/strong> reicht. Die Basisversion kommt mit <strong>22,4 kWh<\/strong> auf <strong>210 Kilometer<\/strong>.<\/p>\n<p class=\"wp-block-paragraph\">Das wurde aber auch Zeit, dass ein Hersteller das veraltete Packaging bei Kleinstwagen endlich \u00fcber den Haufen wirft! Passenderweise plant die EU eine eigene Mini-Klasse f\u00fcr E-Autos unter <strong>4,20 Metern L\u00e4nge<\/strong>, die durch F\u00f6rderungen und erleichterte Regeln belohnt werden soll. Die raumsparende Technik von BYD kommt da wie gerufen.<\/p>\n<p>Fertigung in Ungarn umgeht l\u00e4stige EU-Z\u00f6lle<\/p>\n<p class=\"wp-block-paragraph\">Der eigentliche Schocker f\u00fcr etablierte europ\u00e4ische Autobauer d\u00fcrfte jedoch der Preis sein. In Japan startet der Racco bei umgerechnet knapp <strong>13.400 US-Dollar<\/strong> (unter <strong>2 Millionen Yen<\/strong> nach staatlicher Subvention). \u00dcber das BYD-Werk im ungarischen <strong>Szeged<\/strong>, wo die Serienproduktion anl\u00e4uft, k\u00f6nnte der chinesische Riese die Autos direkt vor unserer Haust\u00fcr bauen.<\/p>\n<p class=\"wp-block-paragraph\">Damit w\u00fcrden die Chinesen die verh\u00e4ngten <strong>EU-Importz\u00f6lle<\/strong> auf China-Importe vollends umgehen. Ob man so ein Mikro-Format im Alltag wirklich braucht? Ich sage ganz klar: Bei Preisen unter 15.000 Euro f\u00fcr ein Stadt-E-Auto mit Schiebet\u00fcren und \u00fcber 300 km Reichweite er\u00fcbrigt sich diese Frage von selbst. Wenn die europ\u00e4ische Konkurrenz jetzt nicht schleunigst aufwacht, wird sie schlichtweg \u00fcberrollt.<\/p>\n<p>\t\t\t\t\t\t\t\t\u201eBYD RACCO CM \u300c\u5b9f\u611fRACCO\u300d\u7bc7\u201c von YouTube anzeigen\t\t\t\t\t\t\t\t\t\t\t\t\t\t\t\t\t\t\t<\/p>\n<p><a href=\"https:\/\/www.google.com\/preferences\/source?q=https:\/\/www.schmidtisblog.de\/\" target=\"_blank\" rel=\"noopener nofollow\" style=\"display:block; text-decoration:none; margin:24px 0;\">&#13;<br \/>\n  &#13;<\/p>\n<p>    <img loading=\"lazy\" width=\"50\" height=\"50\" decoding=\"async\" src=\"data:image\/svg+xml,%3Csvg%20xmlns=\" http:=\"\" alt=\"Google bevorzugte Quelle Schmidtis Blog\" style=\"height:35px; width:auto; display:block; margin:0;\" data-lazy-src=\"https:\/\/www.europesays.com\/de\/wp-content\/uploads\/2026\/08\/Google_G_new_Logo.png\"\/><\/p>\n<p>    Schmidtis Blog zu Deiner bevorzugten Quelle bei Google hinzuf\u00fcgen<\/p>\n<p>  &#13;<br \/>\n<\/a><\/p>\n<p style=\"font-size: 12px\">Links mit einem * sind Partner-Links. Durch einen Klick darauf gelangt ihr direkt zum Anbieter. Solltet ihr euch dort f\u00fcr einen Kauf entscheiden, erhalte ich eine kleine Provision. F\u00fcr euch \u00e4ndert sich am Preis nichts. Danke f\u00fcr eure Unterst\u00fctzung!<\/p>\n","protected":false},"excerpt":{"rendered":"Wer dachte, dass extrem kompakte Elektroautos nur etwas f\u00fcr die engen Stra\u00dfen in Tokio sind, wird jetzt eines&hellip;\n","protected":false},"author":2,"featured_media":1271691,"comment_status":"","ping_status":"","sticky":false,"template":"","format":"standard","meta":{"footnotes":"","_share_on_mastodon":"0"},"categories":[3933],"tags":[331,332,1456,548,663,158,3934,3935,13,14,15,12],"class_list":["post-1271690","post","type-post","status-publish","format-standard","has-post-thumbnail","category-eu","tag-aktuelle-nachrichten","tag-aktuelle-news","tag-byd","tag-eu","tag-europa","tag-europaeische-union","tag-europe","tag-european-union","tag-headlines","tag-nachrichten","tag-news","tag-schlagzeilen"],"share_on_mastodon":{"url":"","error":""},"_links":{"self":[{"href":"https:\/\/www.europesays.com\/de\/wp-json\/wp\/v2\/posts\/1271690","targetHints":{"allow":["GET"]}}],"collection":[{"href":"https:\/\/www.europesays.com\/de\/wp-json\/wp\/v2\/posts"}],"about":[{"href":"https:\/\/www.europesays.com\/de\/wp-json\/wp\/v2\/types\/post"}],"author":[{"embeddable":true,"href":"https:\/\/www.europesays.com\/de\/wp-json\/wp\/v2\/users\/2"}],"replies":[{"embeddable":true,"href":"https:\/\/www.europesays.com\/de\/wp-json\/wp\/v2\/comments?post=1271690"}],"version-history":[{"count":0,"href":"https:\/\/www.europesays.com\/de\/wp-json\/wp\/v2\/posts\/1271690\/revisions"}],"wp:featuredmedia":[{"embeddable":true,"href":"https:\/\/www.europesays.com\/de\/wp-json\/wp\/v2\/media\/1271691"}],"wp:attachment":[{"href":"https:\/\/www.europesays.com\/de\/wp-json\/wp\/v2\/media?parent=1271690"}],"wp:term":[{"taxonomy":"category","embeddable":true,"href":"https:\/\/www.europesays.com\/de\/wp-json\/wp\/v2\/categories?post=1271690"},{"taxonomy":"post_tag","embeddable":true,"href":"https:\/\/www.europesays.com\/de\/wp-json\/wp\/v2\/tags?post=1271690"}],"curies":[{"name":"wp","href":"https:\/\/api.w.org\/{rel}","templated":true}]}}