{"id":1271694,"date":"2026-08-31T11:39:17","date_gmt":"2026-08-31T11:39:17","guid":{"rendered":"https:\/\/www.europesays.com\/de\/1271694\/"},"modified":"2026-08-31T11:39:17","modified_gmt":"2026-08-31T11:39:17","slug":"mysterioese-schuesse-in-aarau-verdaechtiger-festgenommen-was-zum-angriff-auf-die-schweizer-techno-party-bekannt-ist","status":"publish","type":"post","link":"https:\/\/www.europesays.com\/de\/1271694\/","title":{"rendered":"Mysteri\u00f6se Sch\u00fcsse in Aarau: Verd\u00e4chtiger festgenommen\u00a0\u2013 was zum Angriff auf die Schweizer Techno-Party bekannt ist"},"content":{"rendered":"<p class=\"tspCJpg tspCJph\">Nach den <strong>Sch\u00fcssen bei einem Technofestival auf einer Pferderennbahn in der Schweiz <\/strong>hat die Kantonspolizei Aargau einen 43-j\u00e4hrigen Schweizer festgenommen. Es bestehe dringender Tatverdacht. Die Polizei geht von einem Einzelt\u00e4ter aus, zuvor stand die M\u00f6glichkeit mehrerer T\u00e4ter im Raum.<\/p>\n<p class=\"tspCJpg\">Offen bleibt die Frage, ob es sich um einen Terrorakt, einen Amoklauf oder eine Abrechnung im kriminellen Milieu handelt.<\/p>\n<p> Was zu den Opfern bekannt ist <\/p>\n<p class=\"tspCJpg\">Die Sch\u00fcsse waren in der Nacht zum Sonntag gefallen. Eine <strong>22-j\u00e4hrige Italienerin wurde get\u00f6tet<\/strong>. Vier Schweizer M\u00e4nner und eine deutsche Frau erlitten leichte bis schwere Verletzungen, wie die Aargauer Kantonspolizei nach Angaben der Nachrichtenagentur Keystone-SDA am sp\u00e4ten Abend mitteilte. Die Verletzten im Alter von 24 bis 31 Jahren wurden ins Krankenhaus gebracht. Inzwischen sind alle laut Polizei au\u00dfer Lebensgefahr. Offenbar handelt es sich um Zufallsopfer, da sich die Betroffenen nicht gekannt h\u00e4tten.<\/p>\n<p class=\"tspCJpg\">Die Sch\u00fcsse am fr\u00fchen Sonntagmorgen waren nach Angaben der Ermittler <strong>aus mindestens zwei Waffen<\/strong> abgegeben worden\u00a0\u2013 an zwei unterschiedlichen Orten. Es seien verschiedene H\u00fclsen von Patronen gefunden worden, die zu einer Pistole oder Maschinenpistole sowie zu einem Sturmgewehr passten.<\/p>\n<p> Offene Frage: Das Motiv <\/p>\n<p class=\"tspCJpg\">Sicherheitsexperte Malte Roschinski sagte der \u201e<a href=\"https:\/\/www.welt.de\/vermischtes\/video6a95312ed88567044d84ae80\/schuesse-bei-techno-festival-das-kaliber-ist-ungewoehnlich-normalerweise-wird-bei-kalaschnikow-geschossen-7-62-verwendet.html\" target=\"_blank\" rel=\"noopener nofollow\" class=\"link link--external\" data-gtm-class=\"article-text-link\" data-gtm-val=\"external\" aria-describedby=\"message-target-blank\">Welt<\/a>\u201c, dass die Verwendung zweier unterschiedlicher Waffen f\u00fcr ein koordiniertes Vorgehen von T\u00e4tern spreche. Gegen einen Terroranschlag spricht demnach allerdings die Tatzeit nach Ende des Raves. Da seien viele G\u00e4ste schon gegangen gewesen. Terroristen versuchen laut Roschinski, m\u00f6glichst viele Menschen zu t\u00f6ten. Auch fehlte bislang ein Bekennerschreiben, was ebenfalls ungew\u00f6hnlich sei, sollte die Tat einen politischen Hintergrund haben.<\/p>\n<p> Erste Notrufe kurz nach dem Ende des Raves <\/p>\n<p class=\"tspCJpg\">Ein Augenzeuge berichtete, er habe kurz nach dem Ende der Musik <strong>gegen 02.30 Uhr Sch\u00fcsse geh\u00f6rt<\/strong>. Da der Ernst der Lage laut Polizei sofort deutlich wurde, r\u00fcckten die Einsatzkr\u00e4fte mit einem Gro\u00dfaufgebot aus. Zum Zeitpunkt der Sch\u00fcsse hielten sich demnach noch weit mehr als 100 Personen auf dem Festivalgel\u00e4nde auf.<\/p>\n<p><img decoding=\"async\" src=\"https:\/\/www.europesays.com\/de\/wp-content\/uploads\/2026\/08\/schusse-bei-einer-veranstaltung-in-der-schweiz.jpeg\"   alt=\"30.08.2026, Schweiz, Z\u00fcrich: Bewaffnete Polizeibeamte mit einem gepanzerten Einsatzfahrzeug sperren eine Stra\u00dfe in der N\u00e4he der Pferderennbahn Schachen in Aarau ab. Bei einer Veranstaltung im schweizerischen Schachen sind in der Nacht Sch\u00fcsse gefallen. Foto: Michael Buholzer\/KEYSTONE\/dpa +++ dpa-Bildfunk +++\" aria-labelledby=\"caption-15996972\" width=\"440\" height=\"330\" loading=\"lazy\" class=\"tspA0ja\"\/> Bewaffnete Polizeibeamte mit einem gepanzerten Einsatzfahrzeug sperren eine Stra\u00dfe in der N\u00e4he der Pferderennbahn Schachen in Aarau ab. <\/p>\n<p class=\"tspABgd\"> \u00a9 dpa\/MICHAEL BUHOLZER <\/p>\n<p class=\"tspCJpg\">Beim \u201eAarauer Rave\u201c handelt es sich um eine Techno-Party von Samstagnachmittag bis in die Nacht zum Sonntag mit rund 3500 Besuchern. Aarau im Schweizer Kanton Aargau liegt etwa 40 Kilometer westlich von Z\u00fcrich. Das italienische Todesopfer wohnte in der Region.<\/p>\n<p class=\"tspCJpg\">Die Ermittler baten darum, Video- und Bildmaterial an den Instagram-Kanal der Kantonspolizei Aargau zu senden. An den allgemeinen Fahndungsma\u00dfnahmen war routinem\u00e4\u00dfig auch die Polizei auf deutscher Seite beteiligt, wie ein Sprecher des Polizeipr\u00e4sidiums Freiburg sagte. Angaben zu den konkreten Ma\u00dfnahmen machte er nicht. Der Kanton Aargau liegt an der deutschen Grenze, eine Flucht bis nach Deutschland dauert nach Polizeiangaben von Aarau aus nur etwa 40 Minuten.<\/p>\n<p> Tote versteckte sich hinter K\u00fchlschrank <\/p>\n<p class=\"tspCJpg\">Auf einem Video, das die Schweizer Zeitung \u201eBlick\u201c ver\u00f6ffentlicht hat und das von der N\u00e4he des Tatorts stammen soll, <strong>sind rund zehn Sch\u00fcsse zu h\u00f6ren<\/strong>.<\/p>\n<p class=\"tspCJpg\">Gegen\u00fcber der Schweizer Zeitung \u201eBlick\u201c \u00e4u\u00dferten sich mehrere Zeugen. <strong>Zun\u00e4chst h\u00e4tten die Besucher die Sch\u00fcsse f\u00fcr ein Feuerwerk gehalten<\/strong>, so eine Frau. Dann habe jemand \u201eAlle runter!\u201c gerufen. Die Gruppe habe sich daraufhin unter dem DJ-Pult versteckt. Eine Frau habe sich hinter einem K\u00fchlschrank versteckt, <strong>sei jedoch von einer Kugel in den R\u00fccken getroffen worden<\/strong> und trotz Wiederbelebungsversuchen gestorben.<\/p>\n<p class=\"tspCJpg\">Alle Besucher des Raves seien von der Polizei in eine Turnhalle gebracht worden. \u201eEs war schrecklich\u201c, so die Zeugin gegen\u00fcber der Zeitung. Das Ganze habe sich unmittelbar nach dem Ende der Veranstaltung abgespielt.<\/p>\n<p> Reaktionen auf die Sch\u00fcsse <\/p>\n<p class=\"tspCJpg\">Auch der DJ der Veranstaltung \u00e4u\u00dferte sich tief betroffen. Was auf dem Rave passiert sei, sei absolut herzzerrei\u00dfend, schrieb DJ Tekibo in einer Instagram-Story. \u201eTechno und Raves sollten ein Ort der Freiheit und Sicherheit sein.\u201c Er versuche immer noch, das Ganze zu verarbeiten. <strong>Er habe einen wichtigen Menschen verloren<\/strong> und finde einfach nicht die richtigen Worte. Er werde sich f\u00fcr eine bestimmte Zeit zur\u00fcckziehen, k\u00fcndigte er an.<\/p>\n<p class=\"tspCJpg\">In der Schweizer Politik wurde mit Best\u00fcrzung auf den Vorfall reagiert. Den Opfern wurde Anteilnahme ausgesprochen, den Einsatzkr\u00e4ften gedankt und die Tat verurteilt. Justizminister Beat Jans sagte, es werde alles getan, um die Schuldigen schnell zu finden. Auch die italienische Regierungschefin Giorgia Meloni \u00e4u\u00dferte ihr Beileid.<\/p>\n<p>Lesen Sie au\u00dferdem<a href=\"https:\/\/www.tagesspiegel.de\/internationales\/dinge-beim-namen-nennen-grune-fordern-merz-auf-nach-drohnenvorfall-klartext-zu-reden--und-mehr-druck-auf-russland-zu-machen-15999622.html?icid=topic-list_15996932___\" data-gtm-class=\"article-mzt-link\" data-hydrate-fingerprint=\"09740a54944caac75fd2c0c63fd5c5df\" data-hydrate-props=\"{&amp;escapedquot;element&amp;escapedquot;:{&amp;escapedquot;type&amp;escapedquot;:&amp;escapedquot;relatedContent&amp;escapedquot;,&amp;escapedquot;fieldMap&amp;escapedquot;:{},&amp;escapedquot;relation&amp;escapedquot;:{&amp;escapedquot;fields&amp;escapedquot;:{&amp;escapedquot;isPaid&amp;escapedquot;:null},&amp;escapedquot;href&amp;escapedquot;:&amp;escapedquot;\/internationales\/dinge-beim-namen-nennen-grune-fordern-merz-auf-nach-drohnenvorfall-klartext-zu-reden--und-mehr-druck-auf-russland-zu-machen-15999622.html&amp;escapedquot;,&amp;escapedquot;teaserTitle&amp;escapedquot;:{&amp;escapedquot;kicker&amp;escapedquot;:&amp;escapedquot;\u201eDinge beim Namen nennen\u201c&amp;escapedquot;,&amp;escapedquot;headline&amp;escapedquot;:&amp;escapedquot;Gr\u00fcne fordern Merz auf, nach Drohnenvorfall Klartext zu reden\u00a0\u2013 und mehr Druck auf Russland zu machen&amp;escapedquot;},&amp;escapedquot;id&amp;escapedquot;:&amp;escapedquot;15999622&amp;escapedquot;,&amp;escapedquot;type&amp;escapedquot;:&amp;escapedquot;story&amp;escapedquot;},&amp;escapedquot;isPartOfList&amp;escapedquot;:true,&amp;escapedquot;topicListType&amp;escapedquot;:&amp;escapedquot;topic-list&amp;escapedquot;},&amp;escapedquot;showArrow&amp;escapedquot;:true}\" data-hydrate-slots=\"{&#039;default&#039;:[]}\" class=\"tspCPp3 tspDEsb\" rel=\"nofollow noopener\" target=\"_blank\">\u201eDinge beim Namen nennen\u201c Gr\u00fcne fordern Merz auf, nach Drohnenvorfall Klartext zu reden\u00a0\u2013 und mehr Druck auf Russland zu machen <\/a><a href=\"https:\/\/www.tagesspiegel.de\/gesellschaft\/panorama\/sie-horten-konzert-von-wincent-weiss-zu-mann-fahrt-mit-traktor-auf-menschenmenge-zu--zwei-verletzte-15997837.html?icid=topic-list_15996932___\" data-gtm-class=\"article-mzt-link\" data-hydrate-fingerprint=\"09740a54944caac75fd2c0c63fd5c5df\" data-hydrate-props=\"{&amp;escapedquot;element&amp;escapedquot;:{&amp;escapedquot;type&amp;escapedquot;:&amp;escapedquot;relatedContent&amp;escapedquot;,&amp;escapedquot;fieldMap&amp;escapedquot;:{},&amp;escapedquot;relation&amp;escapedquot;:{&amp;escapedquot;fields&amp;escapedquot;:{&amp;escapedquot;isPaid&amp;escapedquot;:null},&amp;escapedquot;href&amp;escapedquot;:&amp;escapedquot;\/gesellschaft\/panorama\/sie-horten-konzert-von-wincent-weiss-zu-mann-fahrt-mit-traktor-auf-menschenmenge-zu--zwei-verletzte-15997837.html&amp;escapedquot;,&amp;escapedquot;teaserTitle&amp;escapedquot;:{&amp;escapedquot;kicker&amp;escapedquot;:&amp;escapedquot;Sie lauschten Konzert von Wincent Weiss&amp;escapedquot;,&amp;escapedquot;headline&amp;escapedquot;:&amp;escapedquot;Mann f\u00e4hrt mit Traktor auf Menschenmenge zu \u2013 zwei Verletzte&amp;escapedquot;},&amp;escapedquot;id&amp;escapedquot;:&amp;escapedquot;15997837&amp;escapedquot;,&amp;escapedquot;type&amp;escapedquot;:&amp;escapedquot;story&amp;escapedquot;},&amp;escapedquot;isPartOfList&amp;escapedquot;:true,&amp;escapedquot;topicListType&amp;escapedquot;:&amp;escapedquot;topic-list&amp;escapedquot;},&amp;escapedquot;showArrow&amp;escapedquot;:true}\" data-hydrate-slots=\"{&#039;default&#039;:[]}\" class=\"tspCPp3 tspDEsb\" rel=\"nofollow noopener\" target=\"_blank\">Sie lauschten Konzert von Wincent Weiss Mann f\u00e4hrt mit Traktor auf Menschenmenge zu \u2013 zwei Verletzte <\/a><a href=\"https:\/\/www.tagesspiegel.de\/gesellschaft\/panorama\/hintergrunde-unklar-31-jahrige-britin-stirbt-nach-messerangriff-in-rosenheimer-bahnhof-15997697.html?icid=topic-list_15996932___\" data-gtm-class=\"article-mzt-link\" data-hydrate-fingerprint=\"09740a54944caac75fd2c0c63fd5c5df\" data-hydrate-props=\"{&amp;escapedquot;element&amp;escapedquot;:{&amp;escapedquot;type&amp;escapedquot;:&amp;escapedquot;relatedContent&amp;escapedquot;,&amp;escapedquot;fieldMap&amp;escapedquot;:{},&amp;escapedquot;relation&amp;escapedquot;:{&amp;escapedquot;fields&amp;escapedquot;:{&amp;escapedquot;isPaid&amp;escapedquot;:null},&amp;escapedquot;href&amp;escapedquot;:&amp;escapedquot;\/gesellschaft\/panorama\/hintergrunde-unklar-31-jahrige-britin-stirbt-nach-messerangriff-in-rosenheimer-bahnhof-15997697.html&amp;escapedquot;,&amp;escapedquot;teaserTitle&amp;escapedquot;:{&amp;escapedquot;kicker&amp;escapedquot;:&amp;escapedquot;Hintergr\u00fcnde unklar&amp;escapedquot;,&amp;escapedquot;headline&amp;escapedquot;:&amp;escapedquot;31-j\u00e4hrige Britin stirbt nach Messerangriff in Rosenheimer Bahnhof&amp;escapedquot;},&amp;escapedquot;id&amp;escapedquot;:&amp;escapedquot;15997697&amp;escapedquot;,&amp;escapedquot;type&amp;escapedquot;:&amp;escapedquot;story&amp;escapedquot;},&amp;escapedquot;isPartOfList&amp;escapedquot;:true,&amp;escapedquot;topicListType&amp;escapedquot;:&amp;escapedquot;topic-list&amp;escapedquot;},&amp;escapedquot;showArrow&amp;escapedquot;:true}\" data-hydrate-slots=\"{&#039;default&#039;:[]}\" class=\"tspCPp3 tspDEsb\" rel=\"nofollow noopener\" target=\"_blank\">Hintergr\u00fcnde unklar 31-j\u00e4hrige Britin stirbt nach Messerangriff in Rosenheimer Bahnhof <\/a> Private Waffen in der Schweiz <\/p>\n<p class=\"tspCJpg\">In der Schweiz ist privater Waffenbesitz verbreitet, Schusswaffengewalt ist jedoch selten. Im Jahr 2019 hatte das Land strengere Waffengesetze verabschiedet. (AFP, dpa, Reuters, Tsp)<\/p>\n","protected":false},"excerpt":{"rendered":"Nach den Sch\u00fcssen bei einem Technofestival auf einer Pferderennbahn in der Schweiz hat die Kantonspolizei Aargau einen 43-j\u00e4hrigen&hellip;\n","protected":false},"author":2,"featured_media":1271645,"comment_status":"","ping_status":"","sticky":false,"template":"","format":"standard","meta":{"footnotes":"","_share_on_mastodon":"0"},"categories":[5],"tags":[331,332,3364,29,30,13,152,14,15,12,293],"class_list":["post-1271694","post","type-post","status-publish","format-standard","has-post-thumbnail","category-nachrichten","tag-aktuelle-nachrichten","tag-aktuelle-news","tag-de","tag-deutschland","tag-germany","tag-headlines","tag-instagram","tag-nachrichten","tag-news","tag-schlagzeilen","tag-schweiz"],"share_on_mastodon":{"url":"https:\/\/pubeurope.com\/@de\/117189935012469311","error":""},"_links":{"self":[{"href":"https:\/\/www.europesays.com\/de\/wp-json\/wp\/v2\/posts\/1271694","targetHints":{"allow":["GET"]}}],"collection":[{"href":"https:\/\/www.europesays.com\/de\/wp-json\/wp\/v2\/posts"}],"about":[{"href":"https:\/\/www.europesays.com\/de\/wp-json\/wp\/v2\/types\/post"}],"author":[{"embeddable":true,"href":"https:\/\/www.europesays.com\/de\/wp-json\/wp\/v2\/users\/2"}],"replies":[{"embeddable":true,"href":"https:\/\/www.europesays.com\/de\/wp-json\/wp\/v2\/comments?post=1271694"}],"version-history":[{"count":0,"href":"https:\/\/www.europesays.com\/de\/wp-json\/wp\/v2\/posts\/1271694\/revisions"}],"wp:featuredmedia":[{"embeddable":true,"href":"https:\/\/www.europesays.com\/de\/wp-json\/wp\/v2\/media\/1271645"}],"wp:attachment":[{"href":"https:\/\/www.europesays.com\/de\/wp-json\/wp\/v2\/media?parent=1271694"}],"wp:term":[{"taxonomy":"category","embeddable":true,"href":"https:\/\/www.europesays.com\/de\/wp-json\/wp\/v2\/categories?post=1271694"},{"taxonomy":"post_tag","embeddable":true,"href":"https:\/\/www.europesays.com\/de\/wp-json\/wp\/v2\/tags?post=1271694"}],"curies":[{"name":"wp","href":"https:\/\/api.w.org\/{rel}","templated":true}]}}