{"id":1271698,"date":"2026-08-31T11:44:15","date_gmt":"2026-08-31T11:44:15","guid":{"rendered":"https:\/\/www.europesays.com\/de\/1271698\/"},"modified":"2026-08-31T11:44:15","modified_gmt":"2026-08-31T11:44:15","slug":"baskets-bonn-buendeln-gesellschaftliches-engagement","status":"publish","type":"post","link":"https:\/\/www.europesays.com\/de\/1271698\/","title":{"rendered":"Baskets Bonn b\u00fcndeln gesellschaftliches Engagement"},"content":{"rendered":"<p>Die Telekom Baskets Bonn verst\u00e4rken ihr gesellschaftliches Engagement: Mit der neu gegr\u00fcndeten Baskets gGmbH werden k\u00fcnftig soziale, inklusive und gemeinn\u00fctzige Projekte unter einem Dach geb\u00fcndelt und strategisch weiterentwickelt. Damit unterstreiche der Basketball-Bundesligist seinen Anspruch, auch abseits des Feldes soziale Verantwortung zu \u00fcbernehmen.<\/p>\n<p>\u201eMit der Gr\u00fcndung der gGmbH schaffen wir eine starke organisatorische Basis, um unsere gesellschaftliche Verantwortung in Zukunft besser wahrzunehmen und neue Projekte zu entwickeln, die Menschen verbinden, f\u00f6rdern und unterst\u00fctzen\u201c, erkl\u00e4rt Baskets-Gesch\u00e4ftsf\u00fchrer Simon Pallmann. Die neue gemeinn\u00fctzige Gesellschaft wird das bereits bestehende Engagement der Baskets b\u00fcndeln und zugleich Raum f\u00fcr neue Initiativen schaffen. So wird u. a. das erfolgreiche Projekt Baskets@School, das seit \u00fcber zehn Jahren zusammen mit der Deutschen Telekom, der Stadt Bonn und der BARMER Krankenkasse Grundsch\u00fcler f\u00fcr Basketball und Bewegung begeistert, zuk\u00fcnftig von der Baskets gGmbH organisiert und umgesetzt.<\/p>\n","protected":false},"excerpt":{"rendered":"Die Telekom Baskets Bonn verst\u00e4rken ihr gesellschaftliches Engagement: Mit der neu gegr\u00fcndeten Baskets gGmbH werden k\u00fcnftig soziale, inklusive&hellip;\n","protected":false},"author":2,"featured_media":1271699,"comment_status":"","ping_status":"","sticky":false,"template":"","format":"standard","meta":{"footnotes":"","_share_on_mastodon":"0"},"categories":[1842],"tags":[1741,3364,29,30,1209],"class_list":["post-1271698","post","type-post","status-publish","format-standard","has-post-thumbnail","category-bonn","tag-bonn","tag-de","tag-deutschland","tag-germany","tag-nordrhein-westfalen"],"share_on_mastodon":{"url":"https:\/\/pubeurope.com\/@de\/117189952632001517","error":""},"_links":{"self":[{"href":"https:\/\/www.europesays.com\/de\/wp-json\/wp\/v2\/posts\/1271698","targetHints":{"allow":["GET"]}}],"collection":[{"href":"https:\/\/www.europesays.com\/de\/wp-json\/wp\/v2\/posts"}],"about":[{"href":"https:\/\/www.europesays.com\/de\/wp-json\/wp\/v2\/types\/post"}],"author":[{"embeddable":true,"href":"https:\/\/www.europesays.com\/de\/wp-json\/wp\/v2\/users\/2"}],"replies":[{"embeddable":true,"href":"https:\/\/www.europesays.com\/de\/wp-json\/wp\/v2\/comments?post=1271698"}],"version-history":[{"count":0,"href":"https:\/\/www.europesays.com\/de\/wp-json\/wp\/v2\/posts\/1271698\/revisions"}],"wp:featuredmedia":[{"embeddable":true,"href":"https:\/\/www.europesays.com\/de\/wp-json\/wp\/v2\/media\/1271699"}],"wp:attachment":[{"href":"https:\/\/www.europesays.com\/de\/wp-json\/wp\/v2\/media?parent=1271698"}],"wp:term":[{"taxonomy":"category","embeddable":true,"href":"https:\/\/www.europesays.com\/de\/wp-json\/wp\/v2\/categories?post=1271698"},{"taxonomy":"post_tag","embeddable":true,"href":"https:\/\/www.europesays.com\/de\/wp-json\/wp\/v2\/tags?post=1271698"}],"curies":[{"name":"wp","href":"https:\/\/api.w.org\/{rel}","templated":true}]}}