{"id":1271700,"date":"2026-08-31T11:45:17","date_gmt":"2026-08-31T11:45:17","guid":{"rendered":"https:\/\/www.europesays.com\/de\/1271700\/"},"modified":"2026-08-31T11:45:17","modified_gmt":"2026-08-31T11:45:17","slug":"pol-wes-moers-neukirchen-vluyn-polizei-bietet-fahrradcodierungen-an-2","status":"publish","type":"post","link":"https:\/\/www.europesays.com\/de\/1271700\/","title":{"rendered":"POL-WES: Moers\/ Neukirchen-Vluyn &#8211; Polizei bietet Fahrradcodierungen an"},"content":{"rendered":"<p class=\"date\">31.08.2026 \u2013 13:13<\/p>\n<p class=\"customer\">\n                        <a class=\"story-customer\" title=\"weiter zum newsroom von Kreispolizeibeh\u00f6rde Wesel\" href=\"https:\/\/www.presseportal.de\/blaulicht\/nr\/65858\" rel=\"nofollow noopener\" target=\"_blank\">Kreispolizeibeh\u00f6rde Wesel<\/a>\n                    <\/p>\n<p><a data-category=\"citylink-story-view\" data-action=\"click\" data-label=\"Citylink in Meldungsansicht\" class=\"story-city event-trigger\" href=\"https:\/\/www.presseportal.de\/regional\/Moers%252F%20Neukirchen-Vluyn\" title=\"News aus Moers\/ Neukirchen-Vluyn \" rel=\"nofollow noopener\" target=\"_blank\">Moers\/ Neukirchen-Vluyn<\/a> (ots)<\/p>\n<p>Der Bezirksdienst der Polizeiwache S\u00fcd bietet im September und Oktober wieder Fahrradcodierungen an. Gegen Vorlage ihres Personalausweises und eines Eigentumsnachweises versehen die Kolleginnen und Kollegen des Bezirksdienst S\u00fcd ihr Fahrrad mit einem Barcode. \u00dcber diesen Code kann die Polizei schnell pr\u00fcfen, wem das Fahrrad geh\u00f6rt. Auch wenn sich der Aufkleber mit etwas Aufwand entfernen l\u00e4sst, dient er als sichtbare Abschreckung f\u00fcr Diebe. Entscheidend ist die Registrierung Ihrer Rahmennummer- denn diese l\u00e4sst sich nicht so einfach beseitigen.<\/p>\n<p>Hier sind die kommenden Termine:<\/p>\n<p>Samstag, 12. September 2026, 12-15 Uhr, Brandschutztag des L\u00f6schzugs Moers Repelen, Am Jungbornpark\/ Am Moersbach, 47445 Moers<\/p>\n<p>Dienstag, 22. September 2026, 10-13 Uhr, Asberger Stra\u00dfe 5, 47441 Moers, Hof der Polizeiwache Moers<\/p>\n<p>Mittwoch, 23. September 2026, 14-17 Uhr, Polizeiwache Neukirchen-Vluyn, Niederrheinallee 130, 47506 Neukirchen-Vluyn<\/p>\n<p>Donnerstag, 08. Oktober 2026, 14-17 Uhr, Asberger Stra\u00dfe 5, 47441 Moers, Hof der Polizeiwache Moers<\/p>\n<p>Samstag, 10. Oktober 2026, 14-16 Uhr, &#8222;Feuerwehrfest&#8220; Scherpenberg, Cecilienstra\u00dfe, 47443 Moers<\/p>\n<p>Dienstag, 27. Oktober 2026, 10-13 Uhr, Asberger Stra\u00dfe 5, 47441 Moers, Hof der Polizeiwache Moers<\/p>\n<p>Die Fahrradcodierung der Polizei ist kostenlos und eine Anmeldung ist nicht erforderlich.<br \/>\nWir freuen uns, Sie bei einem der Termine zu begr\u00fc\u00dfen und gemeinsam Ihr Fahrrad besser zu sch\u00fctzen!<\/p>\n<p class=\"contact-headline\">Kontakt f\u00fcr Medienvertreter:<\/p>\n<p class=\"contact-text\">Kreispolizeibeh\u00f6rde Wesel<br \/>Pressestelle<br \/>Pressestelle <br \/>Telefon: 0281 \/ 107-1055<br \/>Fax: 0281 \/ 107-1009<br \/>E-Mail: <a href=\"https:\/\/www.presseportal.de\/blaulicht\/pm\/65858\/mailto:pressestelle.wesel@polizei.nrw.de\" class=\"uri-mailto\" rel=\"nofollow noopener\" target=\"_blank\">pressestelle.wesel@polizei.nrw.de<\/a><br \/><a target=\"_blank\" class=\"uri-ext outbound\" rel=\"noopener nofollow\" href=\"https:\/\/wesel.polizei.nrw\">https:\/\/wesel.polizei.nrw<\/a><\/p>\n<p class=\"originator\">Original-Content von: Kreispolizeibeh\u00f6rde Wesel, \u00fcbermittelt durch news aktuell<\/p>\n","protected":false},"excerpt":{"rendered":"31.08.2026 \u2013 13:13 Kreispolizeibeh\u00f6rde Wesel Moers\/ Neukirchen-Vluyn (ots) Der Bezirksdienst der Polizeiwache S\u00fcd bietet im September und Oktober&hellip;\n","protected":false},"author":2,"featured_media":1266941,"comment_status":"","ping_status":"","sticky":false,"template":"","format":"standard","meta":{"footnotes":"","_share_on_mastodon":"0"},"categories":[1838],"tags":[3364,29,3715,30,177,1209,176,121,178,180,179,181],"class_list":["post-1271700","post","type-post","status-publish","format-standard","has-post-thumbnail","category-duisburg","tag-de","tag-deutschland","tag-duisburg","tag-germany","tag-kriminalitt","tag-nordrhein-westfalen","tag-nrw","tag-polizei","tag-presse","tag-pressemeldung","tag-pressemitteilung","tag-pressemitteilungen"],"share_on_mastodon":{"url":"https:\/\/pubeurope.com\/@de\/117189956197387678","error":""},"_links":{"self":[{"href":"https:\/\/www.europesays.com\/de\/wp-json\/wp\/v2\/posts\/1271700","targetHints":{"allow":["GET"]}}],"collection":[{"href":"https:\/\/www.europesays.com\/de\/wp-json\/wp\/v2\/posts"}],"about":[{"href":"https:\/\/www.europesays.com\/de\/wp-json\/wp\/v2\/types\/post"}],"author":[{"embeddable":true,"href":"https:\/\/www.europesays.com\/de\/wp-json\/wp\/v2\/users\/2"}],"replies":[{"embeddable":true,"href":"https:\/\/www.europesays.com\/de\/wp-json\/wp\/v2\/comments?post=1271700"}],"version-history":[{"count":0,"href":"https:\/\/www.europesays.com\/de\/wp-json\/wp\/v2\/posts\/1271700\/revisions"}],"wp:featuredmedia":[{"embeddable":true,"href":"https:\/\/www.europesays.com\/de\/wp-json\/wp\/v2\/media\/1266941"}],"wp:attachment":[{"href":"https:\/\/www.europesays.com\/de\/wp-json\/wp\/v2\/media?parent=1271700"}],"wp:term":[{"taxonomy":"category","embeddable":true,"href":"https:\/\/www.europesays.com\/de\/wp-json\/wp\/v2\/categories?post=1271700"},{"taxonomy":"post_tag","embeddable":true,"href":"https:\/\/www.europesays.com\/de\/wp-json\/wp\/v2\/tags?post=1271700"}],"curies":[{"name":"wp","href":"https:\/\/api.w.org\/{rel}","templated":true}]}}