{"id":1271707,"date":"2026-08-31T11:52:20","date_gmt":"2026-08-31T11:52:20","guid":{"rendered":"https:\/\/www.europesays.com\/de\/1271707\/"},"modified":"2026-08-31T11:52:20","modified_gmt":"2026-08-31T11:52:20","slug":"mehr-als-100-endgeraete-gestohlen-tatverdaechtiger-ermittelt","status":"publish","type":"post","link":"https:\/\/www.europesays.com\/de\/1271707\/","title":{"rendered":"Mehr als 100 Endger\u00e4te gestohlen? Tatverd\u00e4chtiger ermittelt"},"content":{"rendered":"<p>\n                Stand: 31.08.2026 13:18 Uhr<\/p>\n<p>                    <a href=\"https:\/\/www.europesays.com\/de\/wp-content\/uploads\/2026\/03\/1774518675_147_polizei4046.webp.webp\" class=\"zoomimage\" title=\"Bild vergr\u00f6\u00dfern\"><\/p>\n<p>        <img decoding=\"async\" src=\"https:\/\/www.europesays.com\/de\/wp-content\/uploads\/2026\/03\/1774518675_147_polizei4046.webp.webp\" alt=\"Ein Polizeiauto im Einsatz. \" title=\"Die Polizei hat zudem weitere Datentr\u00e4ger des Mannes sichergestellt. (Themenbild) | NDR, Thomas Hans\" class=\"responsive\" loading=\"lazy\"\/><\/p>\n<p>                    <\/a><\/p>\n<p>                    Die Polizei hat zudem weitere Datentr\u00e4ger des Mannes sichergestellt. (Themenbild)<\/p>\n<p class=\"\">Nach dem Diebstahl von mehr als 100 Endger\u00e4ten bei einem IT-Dienstleister in Hannover-Ricklingen hat die Polizei bei einer Durchsuchung mutma\u00dfliches Diebesgut festgestellt. Wie ein Sprecher am Montag mitteilte, waren im Mai PCs, Laptops und Monitore im Wert von \u00fcber 40.000 Euro aus einem Lagerraum entwendet worden. Hinweise auf einen Einbruch gab es den Angaben zufolge jedoch nicht. Deshalb gingen die Ermittler schnell davon aus, dass der T\u00e4ter Zugang zu dem Lager gehabt haben k\u00f6nnte. Die Ermittlungen f\u00fchrten laut Polizei zu einem 40 Jahre alten Mitarbeiter des IT-Unternehmens mit Wohnsitz auf der Insel R\u00fcgen (Mecklenburg-Vorpommern). Vergangenen Dienstag seien die Wohnung und der Keller des Beschuldigten durchsucht worden, hie\u00df es. Dabei seien 81 Ger\u00e4te sichergestellt worden &#8211; &#8222;mit hoher Wahrscheinlichkeit&#8220; ein Teil des Diebesgut, so die Polizei. Die Ermittlungen laufen.<\/p>\n<p>Dieses Thema im Programm:<\/p>\n<p>                NDR 1 Niedersachsen | Aktuell | 31.08.2026 | 12:00 Uhr<\/p>\n<p>        Schlagw\u00f6rter zu diesem Artikel<\/p>\n<p>            <a href=\"https:\/\/www.ndr.de\/nachrichten\/niedersachsen\/hannover_weser-leinegebiet\/Hannover-Aktuelle-News-und-Nachrichten,hannover18518.html\" rel=\"nofollow noopener\" target=\"_blank\">Hannover<\/a><\/p>\n","protected":false},"excerpt":{"rendered":"Stand: 31.08.2026 13:18 Uhr Die Polizei hat zudem weitere Datentr\u00e4ger des Mannes sichergestellt. (Themenbild) Nach dem Diebstahl von&hellip;\n","protected":false},"author":2,"featured_media":897888,"comment_status":"","ping_status":"","sticky":false,"template":"","format":"standard","meta":{"footnotes":"","_share_on_mastodon":"0"},"categories":[1836],"tags":[4067,590,3364,29,1686,4417,134321,7830,30,46,184927,14,15,1411,121,18529,7220,19169],"class_list":["post-1271707","post","type-post","status-publish","format-standard","has-post-thumbnail","category-hannover","tag-ermittlungen","tag-aktuell","tag-de","tag-deutschland","tag-diebstahl","tag-durchsuchung","tag-endgeraete","tag-erfolg","tag-germany","tag-hannover","tag-it-dienstleister","tag-nachrichten","tag-news","tag-niedersachsen","tag-polizei","tag-ricklingen","tag-ruegen","tag-tatverdaechtiger"],"share_on_mastodon":{"url":"https:\/\/pubeurope.com\/@de\/117189986500979174","error":""},"_links":{"self":[{"href":"https:\/\/www.europesays.com\/de\/wp-json\/wp\/v2\/posts\/1271707","targetHints":{"allow":["GET"]}}],"collection":[{"href":"https:\/\/www.europesays.com\/de\/wp-json\/wp\/v2\/posts"}],"about":[{"href":"https:\/\/www.europesays.com\/de\/wp-json\/wp\/v2\/types\/post"}],"author":[{"embeddable":true,"href":"https:\/\/www.europesays.com\/de\/wp-json\/wp\/v2\/users\/2"}],"replies":[{"embeddable":true,"href":"https:\/\/www.europesays.com\/de\/wp-json\/wp\/v2\/comments?post=1271707"}],"version-history":[{"count":0,"href":"https:\/\/www.europesays.com\/de\/wp-json\/wp\/v2\/posts\/1271707\/revisions"}],"wp:featuredmedia":[{"embeddable":true,"href":"https:\/\/www.europesays.com\/de\/wp-json\/wp\/v2\/media\/897888"}],"wp:attachment":[{"href":"https:\/\/www.europesays.com\/de\/wp-json\/wp\/v2\/media?parent=1271707"}],"wp:term":[{"taxonomy":"category","embeddable":true,"href":"https:\/\/www.europesays.com\/de\/wp-json\/wp\/v2\/categories?post=1271707"},{"taxonomy":"post_tag","embeddable":true,"href":"https:\/\/www.europesays.com\/de\/wp-json\/wp\/v2\/tags?post=1271707"}],"curies":[{"name":"wp","href":"https:\/\/api.w.org\/{rel}","templated":true}]}}