{"id":1271718,"date":"2026-08-31T12:02:24","date_gmt":"2026-08-31T12:02:24","guid":{"rendered":"https:\/\/www.europesays.com\/de\/1271718\/"},"modified":"2026-08-31T12:02:24","modified_gmt":"2026-08-31T12:02:24","slug":"gelsenkirchen-mann-entzuendet-feuer-in-waldstueck","status":"publish","type":"post","link":"https:\/\/www.europesays.com\/de\/1271718\/","title":{"rendered":"Gelsenkirchen: Mann entz\u00fcndet Feuer in Waldst\u00fcck"},"content":{"rendered":"<p>In einem Gelsenkirchener Waldst\u00fcck nahe der Trabrennbahn an der Nienhausenstra\u00dfe bemerkte ein Zeuge Feuer. Samstagmorgen (29.08.) gegen 06.25 Uhr alarmierte er die Polizei. Die Beamten fanden einen mutma\u00dflich alkoholisierten 38-J\u00e4hrigen neben den Flammen. Nach Polizeiangaben hatte er trockenes Laub und \u00c4ste entz\u00fcndet. Das Feuer war etwa anderthalb Meter breit. Polizisten l\u00f6schten es mit Wasser aus einem nahen Teich, weitere Glutnester musste die Feuerwehr wegen starkem Wind abl\u00f6schen. Der Mann soll au\u00dferdem einen Polizisten beleidigt und bedroht haben. Die Beamten nahmen ihn fest. Die Polizei Gelsenkirchen ermittelt jetzt wegen des vors\u00e4tzlichen Herbeif\u00fchrens einer Brandgefahr.<\/p>\n","protected":false},"excerpt":{"rendered":"In einem Gelsenkirchener Waldst\u00fcck nahe der Trabrennbahn an der Nienhausenstra\u00dfe bemerkte ein Zeuge Feuer. Samstagmorgen (29.08.) gegen 06.25&hellip;\n","protected":false},"author":2,"featured_media":537366,"comment_status":"","ping_status":"","sticky":false,"template":"","format":"standard","meta":{"footnotes":"","_share_on_mastodon":"0"},"categories":[1834],"tags":[3364,29,3688,30,1209],"class_list":["post-1271718","post","type-post","status-publish","format-standard","has-post-thumbnail","category-essen","tag-de","tag-deutschland","tag-essen","tag-germany","tag-nordrhein-westfalen"],"share_on_mastodon":{"url":"https:\/\/pubeurope.com\/@de\/117190023064068399","error":""},"_links":{"self":[{"href":"https:\/\/www.europesays.com\/de\/wp-json\/wp\/v2\/posts\/1271718","targetHints":{"allow":["GET"]}}],"collection":[{"href":"https:\/\/www.europesays.com\/de\/wp-json\/wp\/v2\/posts"}],"about":[{"href":"https:\/\/www.europesays.com\/de\/wp-json\/wp\/v2\/types\/post"}],"author":[{"embeddable":true,"href":"https:\/\/www.europesays.com\/de\/wp-json\/wp\/v2\/users\/2"}],"replies":[{"embeddable":true,"href":"https:\/\/www.europesays.com\/de\/wp-json\/wp\/v2\/comments?post=1271718"}],"version-history":[{"count":0,"href":"https:\/\/www.europesays.com\/de\/wp-json\/wp\/v2\/posts\/1271718\/revisions"}],"wp:featuredmedia":[{"embeddable":true,"href":"https:\/\/www.europesays.com\/de\/wp-json\/wp\/v2\/media\/537366"}],"wp:attachment":[{"href":"https:\/\/www.europesays.com\/de\/wp-json\/wp\/v2\/media?parent=1271718"}],"wp:term":[{"taxonomy":"category","embeddable":true,"href":"https:\/\/www.europesays.com\/de\/wp-json\/wp\/v2\/categories?post=1271718"},{"taxonomy":"post_tag","embeddable":true,"href":"https:\/\/www.europesays.com\/de\/wp-json\/wp\/v2\/tags?post=1271718"}],"curies":[{"name":"wp","href":"https:\/\/api.w.org\/{rel}","templated":true}]}}