{"id":1271719,"date":"2026-08-31T12:04:23","date_gmt":"2026-08-31T12:04:23","guid":{"rendered":"https:\/\/www.europesays.com\/de\/1271719\/"},"modified":"2026-08-31T12:04:23","modified_gmt":"2026-08-31T12:04:23","slug":"transfer-ticker-malte-bruening-wechselt-von-rot-weiss-essen-zum-fc-eintracht-norderstedt","status":"publish","type":"post","link":"https:\/\/www.europesays.com\/de\/1271719\/","title":{"rendered":"Transfer-Ticker: Malte Br\u00fcning wechselt von Rot-Weiss Essen zum FC Eintracht Norderstedt"},"content":{"rendered":"<p>Transfer-TickerOffiziell: Norderstedt verpflichtet Br\u00fcning<\/p>\n<p>Artikel anh\u00f6ren (00:34 min)<\/p>\n<p>31.08.2026 | 13:40 Uhr <\/p>\n<p class=\"Typography_text-default__P3otY Typography_weight-normal__pqUbH StorylineParagraph_p__4mkZU\">Malte Br\u00fcning verl\u00e4sst Rot-Weiss Essen und schlie\u00dft sich dem FC Eintracht Norderstedt in der Regionalliga Nord an. Beim Drittligisten aus Essen war der 22 Jahre alte Torh\u00fcter ohne Ligaeinsatz geblieben.<\/p>\n<p class=\"Typography_text-default__P3otY Typography_weight-normal__pqUbH StorylineParagraph_p__4mkZU\">In Norderstedt reagiert der Klub mit der Verpflichtung auf den l\u00e4ngerfristigen Ausfall von Lars Huxsohl. Eine Stammplatzgarantie erh\u00e4lt Br\u00fcning allerdings nicht: Er soll sich mit Dave Ceesay einen offenen Konkurrenzkampf um den Platz im Tor liefern.<\/p>\n<p>Verwendete Quelle: ntv.de<\/p>\n","protected":false},"excerpt":{"rendered":"Transfer-TickerOffiziell: Norderstedt verpflichtet Br\u00fcning Artikel anh\u00f6ren (00:34 min) 31.08.2026 | 13:40 Uhr Malte Br\u00fcning verl\u00e4sst Rot-Weiss Essen und&hellip;\n","protected":false},"author":2,"featured_media":1271720,"comment_status":"","ping_status":"","sticky":false,"template":"","format":"standard","meta":{"footnotes":"","_share_on_mastodon":"0"},"categories":[1834],"tags":[3364,29,3688,30,1209],"class_list":["post-1271719","post","type-post","status-publish","format-standard","has-post-thumbnail","category-essen","tag-de","tag-deutschland","tag-essen","tag-germany","tag-nordrhein-westfalen"],"share_on_mastodon":{"url":"https:\/\/pubeurope.com\/@de\/117190031276537165","error":""},"_links":{"self":[{"href":"https:\/\/www.europesays.com\/de\/wp-json\/wp\/v2\/posts\/1271719","targetHints":{"allow":["GET"]}}],"collection":[{"href":"https:\/\/www.europesays.com\/de\/wp-json\/wp\/v2\/posts"}],"about":[{"href":"https:\/\/www.europesays.com\/de\/wp-json\/wp\/v2\/types\/post"}],"author":[{"embeddable":true,"href":"https:\/\/www.europesays.com\/de\/wp-json\/wp\/v2\/users\/2"}],"replies":[{"embeddable":true,"href":"https:\/\/www.europesays.com\/de\/wp-json\/wp\/v2\/comments?post=1271719"}],"version-history":[{"count":0,"href":"https:\/\/www.europesays.com\/de\/wp-json\/wp\/v2\/posts\/1271719\/revisions"}],"wp:featuredmedia":[{"embeddable":true,"href":"https:\/\/www.europesays.com\/de\/wp-json\/wp\/v2\/media\/1271720"}],"wp:attachment":[{"href":"https:\/\/www.europesays.com\/de\/wp-json\/wp\/v2\/media?parent=1271719"}],"wp:term":[{"taxonomy":"category","embeddable":true,"href":"https:\/\/www.europesays.com\/de\/wp-json\/wp\/v2\/categories?post=1271719"},{"taxonomy":"post_tag","embeddable":true,"href":"https:\/\/www.europesays.com\/de\/wp-json\/wp\/v2\/tags?post=1271719"}],"curies":[{"name":"wp","href":"https:\/\/api.w.org\/{rel}","templated":true}]}}