{"id":1271759,"date":"2026-08-31T12:38:19","date_gmt":"2026-08-31T12:38:19","guid":{"rendered":"https:\/\/www.europesays.com\/de\/1271759\/"},"modified":"2026-08-31T12:38:19","modified_gmt":"2026-08-31T12:38:19","slug":"letztes-mal-kamen-300-tiere-zum-hundeschwimmen-nach-spandau","status":"publish","type":"post","link":"https:\/\/www.europesays.com\/de\/1271759\/","title":{"rendered":"\u201eLetztes Mal kamen 300 Tiere\u201c: Zum Hundeschwimmen nach Spandau"},"content":{"rendered":"<p class=\"tspCJpg tspCJph\">Zum Ende der Berliner Sommersaison d\u00fcrfen Hunde in einigen Freib\u00e4dern wieder ins Wasser. Am Wochenende ist es soweit: <a href=\"https:\/\/www.tagesspiegel.de\/berlin\/bezirke\/spandau\/termine-stehen-fest-an-diesen-zwei-tagen-ist-das-berliner-hundeschwimmen-erlaubt-14279762.html?icid=in-text-link_15999648\" class=\"link link--internal\" data-gtm-class=\"article-text-link\" data-gtm-val=\"internal\" rel=\"nofollow noopener\" target=\"_blank\">Nach der Premiere 2025 im Spandauer Ortsteil Staaken<\/a> bieten die B\u00e4derbetriebe auch in diesem Sp\u00e4tsommer ein Hundeschwimmen <a href=\"https:\/\/www.tagesspiegel.de\/berlin\/bezirke\/spandau\/\" target=\"_blank\" rel=\"noopener nofollow\" class=\"link link--external\" data-gtm-class=\"article-text-link\" data-gtm-val=\"external\" aria-describedby=\"message-target-blank\">in Spandau<\/a> an \u2013 wieder im Freibad in Berlin-Staaken, am 6. September, ab 10 Uhr. Der Eintritt kostet pro Hund 4 Euro und 2 Euro pro Mensch.<\/p>\n<p><a href=\"https:\/\/www.tagesspiegel.de\/berlin\/bezirke\/spandau\/bauchklatscher-im-berliner-westen-das-grosse-freibad-in-spandau-wird-auch-2027-nicht-offnen-15974267.html?icid=single-topic_15999648___\" data-gtm-class=\"article-mzt-link\" class=\"tspCPp3\" rel=\"nofollow noopener\" target=\"_blank\">Bauchklatscher im Berliner Westen Das gro\u00dfe Freibad in Spandau wird auch 2027 nicht \u00f6ffnen <\/a><\/p>\n<p class=\"tspCJpg\">Das Freibad in Berlin-Staaken hat f\u00fcr Menschen seit Sonntag, 30. August, geschlossen. Seit dem Wochenende wurde das Wasser nicht mehr gechlort, sodass es nach einer Woche problemlos nutzbar f\u00fcr die Tiere ist, ehe es in der Kanalisation verschwindet und in den Kl\u00e4rwerken landet.<\/p>\n<p><img decoding=\"async\" src=\"https:\/\/www.europesays.com\/de\/wp-content\/uploads\/2025\/09\/freibad-sommerbad-staaken-west-berlin-spandau-foto-andre-gorke-foto-berliner-baderbetriebe-mit-spiel.jpeg\"   alt=\"Das kleine Freibad Staaken-West, erbaut zu DDR-Zeiten.\" aria-labelledby=\"caption-11536553\" width=\"440\" height=\"330\" loading=\"lazy\" class=\"tspA0ja\"\/> Das kleine Freibad Staaken-West, ganz am Rand von Berlin. <\/p>\n<p class=\"tspABgd\"> \u00a9 Berliner B\u00e4derbetriebe <\/p>\n<p class=\"tspCJpg\">\u201eBeim letzten Mal waren bestimmt 300 Tiere im Freibad Staaken\u201c, hatte <a href=\"https:\/\/www.tagesspiegel.de\/berlin\/bezirke\/spandau\/berlins-bekannte-hundetrainerin-ein-hund-in-der-grossstadt-ist-eine-herausforderung-14566763.html?icid=in-text-link_15999648\" class=\"link link--internal\" data-gtm-class=\"article-text-link\" data-gtm-val=\"internal\" rel=\"nofollow noopener\" target=\"_blank\">Berlins bekannteste Hundetrainerin Katharina Marioth nach der Premiere im Tagesspiegel berichtet<\/a>. Die 46-J\u00e4hrige kennt man aus dem Fernsehen. Sie hat ihre Hundeschule neben der Dorfkirche Staaken und hatte bei der Premiere ehrenamtlich mit ihrem Team geholfen.<\/p>\n<p><a href=\"https:\/\/www.tagesspiegel.de\/berlin\/bezirke\/spandau\/berlins-bekannte-hundetrainerin-ein-hund-in-der-grossstadt-ist-eine-herausforderung-14566763.html?icid=single-topic_15999648___\" data-gtm-class=\"article-mzt-link\" class=\"tspCPp3\" rel=\"nofollow noopener\" target=\"_blank\">Berlins bekannte Hundetrainerin aus Staaken \u201eEin Hund in der Gro\u00dfstadt ist eine Herausforderung\u201c <\/a><\/p>\n<p class=\"tspCJpg\">\u201eEs war friedlich, alle hatten ihren Spa\u00df und auch gen\u00fcgend Freiraum. Toll, wie die ganzen Halter aufeinander R\u00fccksicht genommen haben und ihre Hunde im Wasser auch nicht \u00fcberanstrengt haben\u201c, so Marioth. <a href=\"https:\/\/www.tagesspiegel.de\/berlin\/bezirke\/spandau\/vorbild-brandenburg-hunde-sollen-auch-dieses-spandauer-freibad-springen-13101082.html?icid=in-text-link_15999648\" class=\"link link--internal\" data-gtm-class=\"article-text-link\" data-gtm-val=\"internal\" rel=\"nofollow noopener\" target=\"_blank\">Die Spandauer FDP hatte das Hundeschwimmen 2024 im Rathaus auf die Ideen-Liste f\u00fcr Berlin gesetzt<\/a>.<\/p>\n<p> Zwei andere Berliner Freib\u00e4der \u00f6ffnen sp\u00e4ter f\u00fcr Hunde <\/p>\n<p class=\"tspCJpg\">In Berlin \u00f6ffnen sp\u00e4ter auch zwei andere Freib\u00e4der f\u00fcr Hunde und ihre Halter: Am 12. und 13. September ist ein Hundeschwimmen im Sommerbad am Insulaner geplant und am 19. September ein Hundeschwimmen im Sommerbad Gropiusstadt. Die Events sollen jeweils von 10 bis 17.30 Uhr stattfinden.<\/p>\n<p> Schlechte Nachrichten aus einem anderen Spandauer Freibad <\/p>\n<p class=\"tspCJpg\">Beim Einlass m\u00fcssen wie berichtet ein g\u00fcltiger EU-Heimtierausweis und eine Kopie der Hundehaftpflichtversicherung vorgelegt werden; Menschen d\u00fcrfen nicht ins Wasser.<\/p>\n<p class=\"tspCJpg\">F\u00fcr Badeg\u00e4ste auf zwei Beinen gab es dagegen schlechte Nachrichten: Das gro\u00dfe Spandauer Freibad an der Gatower Stra\u00dfe, das sonst mehr als 100.000 Menschen im Sommer nutzen, wird auch 2027 nicht \u00f6ffnen. Es ist seit 2022 ein Totalschaden und gesperrt. <a href=\"https:\/\/www.tagesspiegel.de\/berlin\/bezirke\/spandau\/bauchklatscher-im-berliner-westen-das-grosse-freibad-in-spandau-wird-auch-2027-nicht-offnen-15974267.html?icid=in-text-link_15999648\" class=\"link link--internal\" data-gtm-class=\"article-text-link\" data-gtm-val=\"internal\" rel=\"nofollow noopener\" target=\"_blank\">Eigentlich hatten die Arbeiten bereits begonnen, ehe es zu einem ungew\u00f6hnlichen Vorgang kam\u00a0\u2013 mehr hier im Tagesspiegel.<\/a> Wird das Freibad nun 2028 \u00f6ffnen?<\/p>\n<p>Lesen Sie mehr aus Spandau im Tagesspiegel<a href=\"https:\/\/www.tagesspiegel.de\/berlin\/bezirke\/spandau\/wir-ersticken-im-verkehr-spandaus-burgermeister-uber-die-strassenbahn-karstadt-altstadt-und-die-afd-15291708.html?icid=topic-list_15999648___\" data-gtm-class=\"article-mzt-link\" data-hydrate-fingerprint=\"09740a54944caac75fd2c0c63fd5c5df\" data-hydrate-props=\"{&amp;escapedquot;element&amp;escapedquot;:{&amp;escapedquot;type&amp;escapedquot;:&amp;escapedquot;relatedContent&amp;escapedquot;,&amp;escapedquot;fieldMap&amp;escapedquot;:{},&amp;escapedquot;relation&amp;escapedquot;:{&amp;escapedquot;fields&amp;escapedquot;:{&amp;escapedquot;isPaid&amp;escapedquot;:true},&amp;escapedquot;href&amp;escapedquot;:&amp;escapedquot;\/berlin\/bezirke\/spandau\/wir-ersticken-im-verkehr-spandaus-burgermeister-uber-die-strassenbahn-karstadt-altstadt-und-die-afd-15291708.html&amp;escapedquot;,&amp;escapedquot;teaserTitle&amp;escapedquot;:{&amp;escapedquot;headline&amp;escapedquot;:&amp;escapedquot;Spandaus B\u00fcrgermeister \u00fcber die Stra\u00dfenbahn, Karstadt, Altstadt und die AfD &amp;escapedquot;,&amp;escapedquot;kicker&amp;escapedquot;:&amp;escapedquot;\u201eWir ersticken im Verkehr\u201c&amp;escapedquot;},&amp;escapedquot;id&amp;escapedquot;:&amp;escapedquot;15291708&amp;escapedquot;,&amp;escapedquot;type&amp;escapedquot;:&amp;escapedquot;story&amp;escapedquot;},&amp;escapedquot;isPartOfList&amp;escapedquot;:true,&amp;escapedquot;topicListType&amp;escapedquot;:&amp;escapedquot;topic-list&amp;escapedquot;},&amp;escapedquot;showArrow&amp;escapedquot;:true}\" data-hydrate-slots=\"{&#039;default&#039;:[]}\" class=\"tspCPp3 tspDEsb\" rel=\"nofollow noopener\" target=\"_blank\">\u201eWir ersticken im Verkehr\u201c Spandaus B\u00fcrgermeister \u00fcber die Stra\u00dfenbahn, Karstadt, Altstadt und die AfD  <\/a><a href=\"https:\/\/www.tagesspiegel.de\/berlin\/bezirke\/spandau\/was-passiert-hinter-dieser-weissen-wand-die-geheimnisvolle-baustelle-an-berlins-grossem-bvg-drehkreuz-15999527.html?icid=topic-list_15999648___\" data-gtm-class=\"article-mzt-link\" data-hydrate-fingerprint=\"09740a54944caac75fd2c0c63fd5c5df\" data-hydrate-props=\"{&amp;escapedquot;element&amp;escapedquot;:{&amp;escapedquot;type&amp;escapedquot;:&amp;escapedquot;relatedContent&amp;escapedquot;,&amp;escapedquot;fieldMap&amp;escapedquot;:{},&amp;escapedquot;relation&amp;escapedquot;:{&amp;escapedquot;fields&amp;escapedquot;:{&amp;escapedquot;isPaid&amp;escapedquot;:true},&amp;escapedquot;href&amp;escapedquot;:&amp;escapedquot;\/berlin\/bezirke\/spandau\/was-passiert-hinter-dieser-weissen-wand-die-geheimnisvolle-baustelle-an-berlins-grossem-bvg-drehkreuz-15999527.html&amp;escapedquot;,&amp;escapedquot;teaserTitle&amp;escapedquot;:{&amp;escapedquot;kicker&amp;escapedquot;:&amp;escapedquot;Was passiert hinter dieser wei\u00dfen Wand?&amp;escapedquot;,&amp;escapedquot;headline&amp;escapedquot;:&amp;escapedquot;Die geheimnisvolle Baustelle an Berlins gro\u00dfem BVG-Drehkreuz&amp;escapedquot;},&amp;escapedquot;id&amp;escapedquot;:&amp;escapedquot;15999527&amp;escapedquot;,&amp;escapedquot;type&amp;escapedquot;:&amp;escapedquot;story&amp;escapedquot;},&amp;escapedquot;isPartOfList&amp;escapedquot;:true,&amp;escapedquot;topicListType&amp;escapedquot;:&amp;escapedquot;topic-list&amp;escapedquot;},&amp;escapedquot;showArrow&amp;escapedquot;:true}\" data-hydrate-slots=\"{&#039;default&#039;:[]}\" class=\"tspCPp3 tspDEsb\" rel=\"nofollow noopener\" target=\"_blank\">Was passiert hinter dieser wei\u00dfen Wand? Die geheimnisvolle Baustelle an Berlins gro\u00dfem BVG-Drehkreuz <\/a><\/p>\n<p class=\"tspCJpg\">Mehr aus Spandau lesen Sie immer <strong>in unseren Bezirksnewslettern<\/strong>, <a href=\"https:\/\/abo.tagesspiegel.de\/kampagne\/bezirke-plus?bezuggrd=LEU&amp;source=https%3A%2F%2Fnl.tagesspiegel.de%2Fform.action\" target=\"_blank\" rel=\"noopener nofollow\" class=\"link link--external\" data-gtm-class=\"article-text-link\" data-gtm-val=\"external\" aria-describedby=\"message-target-blank\">die zu unserem digitalen T+ Angebot geh\u00f6ren<\/a>. Darin berichten wir aus dem Rathaus, haben exklusive Nachrichten f\u00fcr Sie, greifen Kiezdebatten auf, nennen Termine und geben pers\u00f6nliche Tipps: <a href=\"https:\/\/tagesspiegel.de\/bezirke\/\" target=\"_blank\" rel=\"noopener nofollow\" class=\"link link--external\" data-gtm-class=\"article-text-link\" data-gtm-val=\"external\" aria-describedby=\"message-target-blank\"><strong>tagesspiegel.de\/bezirke<\/strong><\/a>. Wir freuen uns auf Sie!<\/p>\n","protected":false},"excerpt":{"rendered":"Zum Ende der Berliner Sommersaison d\u00fcrfen Hunde in einigen Freib\u00e4dern wieder ins Wasser. Am Wochenende ist es soweit:&hellip;\n","protected":false},"author":2,"featured_media":1271760,"comment_status":"","ping_status":"","sticky":false,"template":"","format":"standard","meta":{"footnotes":"","_share_on_mastodon":"0"},"categories":[1825],"tags":[296,29,30,529,1886],"class_list":["post-1271759","post","type-post","status-publish","format-standard","has-post-thumbnail","category-berlin","tag-berlin","tag-deutschland","tag-germany","tag-spandau","tag-tiere"],"share_on_mastodon":{"url":"https:\/\/pubeurope.com\/@de\/117190167237204907","error":""},"_links":{"self":[{"href":"https:\/\/www.europesays.com\/de\/wp-json\/wp\/v2\/posts\/1271759","targetHints":{"allow":["GET"]}}],"collection":[{"href":"https:\/\/www.europesays.com\/de\/wp-json\/wp\/v2\/posts"}],"about":[{"href":"https:\/\/www.europesays.com\/de\/wp-json\/wp\/v2\/types\/post"}],"author":[{"embeddable":true,"href":"https:\/\/www.europesays.com\/de\/wp-json\/wp\/v2\/users\/2"}],"replies":[{"embeddable":true,"href":"https:\/\/www.europesays.com\/de\/wp-json\/wp\/v2\/comments?post=1271759"}],"version-history":[{"count":0,"href":"https:\/\/www.europesays.com\/de\/wp-json\/wp\/v2\/posts\/1271759\/revisions"}],"wp:featuredmedia":[{"embeddable":true,"href":"https:\/\/www.europesays.com\/de\/wp-json\/wp\/v2\/media\/1271760"}],"wp:attachment":[{"href":"https:\/\/www.europesays.com\/de\/wp-json\/wp\/v2\/media?parent=1271759"}],"wp:term":[{"taxonomy":"category","embeddable":true,"href":"https:\/\/www.europesays.com\/de\/wp-json\/wp\/v2\/categories?post=1271759"},{"taxonomy":"post_tag","embeddable":true,"href":"https:\/\/www.europesays.com\/de\/wp-json\/wp\/v2\/tags?post=1271759"}],"curies":[{"name":"wp","href":"https:\/\/api.w.org\/{rel}","templated":true}]}}