{"id":1271769,"date":"2026-08-31T12:45:12","date_gmt":"2026-08-31T12:45:12","guid":{"rendered":"https:\/\/www.europesays.com\/de\/1271769\/"},"modified":"2026-08-31T12:45:12","modified_gmt":"2026-08-31T12:45:12","slug":"jubilaeum-im-kinopolis-harry-potter-marathon-fans-sehen-alle-acht-filme-in-leverkusen-rp-online","status":"publish","type":"post","link":"https:\/\/www.europesays.com\/de\/1271769\/","title":{"rendered":"Jubil\u00e4um im Kinopolis: Harry-Potter-Marathon \u2013 Fans sehen alle acht Filme in Leverkusen &#8211; RP Online"},"content":{"rendered":"<ol>\n<li><a href=\"https:\/\/news.google.com\/rss\/articles\/CBMisgFBVV95cUxNRzlwdURXVmIyMmJxaEs5S3FVS0FfRmsyWE1ZQ0tGaktvckc5bjJMVDlLV3loaGtZbEpfcGxvTlR3Nlk1LUJXTldhcWtPX0thdzdTbF9NVTRIX1Q0V3Q5WEZoWmstUXlBMDZyb1ZxQVdhZ2FpZ3Btakhwb3VxMWZXQWd2MURRRWtqeHo1bzVIWVpYZ2pQZmpzcGNNVlpBeFRJRTI2cng4ei1HTC1STUl0aTVB?oc=5\" target=\"_blank\" rel=\"nofollow noopener\">Jubil\u00e4um im Kinopolis: Harry-Potter-Marathon \u2013 Fans sehen alle acht Filme in Leverkusen<\/a>&nbsp;&nbsp;RP Online<\/li>\n<li><a href=\"https:\/\/news.google.com\/rss\/articles\/CBMiygFBVV95cUxPYXFmalJEUVBaOHhFZWZmS01LeHpOMjhNSEpubVBCdjJ1M2ZlbXdZWXg5XzZMbG5Vd3ViREJ5MWVhQnUtUkNES0hSMlBvYTBrV3dqa2ZGajAxeEphcTBrajRHXy10YmdmRFNtNGVPOU14MGlOZDdCWUV4LVdlN2lMUDNqd3dEZW1CWnJWbmdtemo0SlpNUlJSTG9wQW1sODczckdubWJJSlpOeENZWVM0VDBnZWw4X0xJaEEzT3JSQlFfN2JiblJTNER3?oc=5\" target=\"_blank\" rel=\"nofollow noopener\">&#8218;Harry Potter und der Stein der Weisen&#8216; kehrt nach 25 Jahren zur\u00fcck \u2013 mit epischen Momenten in der &#8218;Avengers: Endgame Zugabe&#8216;.<\/a>&nbsp;&nbsp;Vietnam.vn<\/li>\n<li><a href=\"https:\/\/news.google.com\/rss\/articles\/CBMi6AFBVV95cUxNWW1vVEt2STZtWnI1RmRpeXJLRVAtalQ0czdEX2FpT0diWEFhR19UMWFLYXg0NHBiVmk4QmJNSmxmTjExNWJoTkNOUGw3ZGs4MGgycVhxelduUHpLc0VPQWV1Tk1YVmNvcHNTWTF6alN0bmpPMDVUNThMcmt4aWdxWHg4dUZkeDBRTGNOSi1zRnFSelFMTjJZMFJGc0M0QzlrQ2xYQzhwVXVQR0JPT2VTZ29TV2c3ckRsTVE4ZnZIcXNUV2VjY00yLXUyaG02MkdQWkdmTkMyQjdlbHZOUTRtLThBZV9sbnJQ?oc=5\" target=\"_blank\" rel=\"nofollow noopener\">Die Meinung des Publikums z\u00e4hlt: Deutschlands langlebigste Kino-Reihe feiert Jubil\u00e4um<\/a>&nbsp;&nbsp;Braunschweiger Zeitung<\/li>\n<li><a href=\"https:\/\/news.google.com\/rss\/articles\/CBMihAFBVV95cUxPbFg0Y0dMaFJFbUtmQjN3Sy1KYzJKeUhjU1lVNUhJaklpbVBMWlFkRWJDQmFUamU3bmVYaEYzWFdKRk9fM0F6YzhNa0EwLWVFV1hCX0ZIaUY1TDBiOENvUGhrUlVYandBaUdLRFdRQWNnNEl1M2JwdXBMNzRFN2lXbExoWG4?oc=5\" target=\"_blank\" rel=\"nofollow noopener\">Review &#8211; 25th Anniversary: Harry Potter 1: Der Stein der Weisen<\/a>&nbsp;&nbsp;Cineman<\/li>\n<li><a href=\"https:\/\/news.google.com\/rss\/articles\/CBMiiwJBVV95cUxORk5ZUUpGMXZTcDh6Q3g0amhEWFhMYVJMNFJPT3RBbHRsaUd2VFRMMFhQRWk3RXU5RjJFTVFjdWtqMVZDLXFZdlp2Z0RjdjdlQVFUNXQ1RWRCRUQ3MkdPeDZrWVlJMmY2Q0FNMEJIM2xqejJYRkRqeW94ZUpvVlNoamx5X3otb2p1WVN5RG9QZzI0M25SalNoN19SdnU0b1lGNmlPYV9BR191TlVXU0ZRZXZKelpNdDMxczJtT3RNZHFyVGxKYldESzBoNU5iLVgwVkhJMFpjUEFQS0paenpPR2pjdGZKR3N4WXlwZEUzOFlzbnQtckpQYUplWGVqbTJ2NHZtcWU0LUZUUDA?oc=5\" target=\"_blank\" rel=\"nofollow noopener\">Thega zeigt noch einmal Harry Potter: Die HAZ-Redaktion erinnert sich an sch\u00f6ne Zeiten mit dem Zauberer, aber auch an gro\u00dfen \u00c4rger<\/a>&nbsp;&nbsp;Hildesheimer Allgemeine Zeitung<\/li>\n<\/ol>\n","protected":false},"excerpt":{"rendered":"Jubil\u00e4um im Kinopolis: Harry-Potter-Marathon \u2013 Fans sehen alle acht Filme in Leverkusen&nbsp;&nbsp;RP Online &#8218;Harry Potter und der Stein&hellip;\n","protected":false},"author":2,"featured_media":1271770,"comment_status":"","ping_status":"","sticky":false,"template":"","format":"standard","meta":{"footnotes":"","_share_on_mastodon":"0"},"categories":[1771],"tags":[18808,1778,29,214,69375,36165,92,262654,30,30041,106117,147137,95,262655,9005,87867,192058,5039,1777,88680,215],"class_list":["post-1271769","post","type-post","status-publish","format-standard","has-post-thumbnail","category-kino","tag-zauberer","tag-cinema","tag-deutschland","tag-entertainment","tag-erlebnisse","tag-fernseher","tag-film","tag-filmerlebnisse","tag-germany","tag-harry","tag-heimischen","tag-hermine","tag-kino","tag-kinopersoenlichkeit","tag-kinopolis","tag-kinosaal","tag-kinosessel","tag-kinostarts","tag-movie","tag-potter","tag-unterhaltung"],"share_on_mastodon":{"url":"https:\/\/pubeurope.com\/@de\/117190192409535192","error":""},"_links":{"self":[{"href":"https:\/\/www.europesays.com\/de\/wp-json\/wp\/v2\/posts\/1271769","targetHints":{"allow":["GET"]}}],"collection":[{"href":"https:\/\/www.europesays.com\/de\/wp-json\/wp\/v2\/posts"}],"about":[{"href":"https:\/\/www.europesays.com\/de\/wp-json\/wp\/v2\/types\/post"}],"author":[{"embeddable":true,"href":"https:\/\/www.europesays.com\/de\/wp-json\/wp\/v2\/users\/2"}],"replies":[{"embeddable":true,"href":"https:\/\/www.europesays.com\/de\/wp-json\/wp\/v2\/comments?post=1271769"}],"version-history":[{"count":0,"href":"https:\/\/www.europesays.com\/de\/wp-json\/wp\/v2\/posts\/1271769\/revisions"}],"wp:featuredmedia":[{"embeddable":true,"href":"https:\/\/www.europesays.com\/de\/wp-json\/wp\/v2\/media\/1271770"}],"wp:attachment":[{"href":"https:\/\/www.europesays.com\/de\/wp-json\/wp\/v2\/media?parent=1271769"}],"wp:term":[{"taxonomy":"category","embeddable":true,"href":"https:\/\/www.europesays.com\/de\/wp-json\/wp\/v2\/categories?post=1271769"},{"taxonomy":"post_tag","embeddable":true,"href":"https:\/\/www.europesays.com\/de\/wp-json\/wp\/v2\/tags?post=1271769"}],"curies":[{"name":"wp","href":"https:\/\/api.w.org\/{rel}","templated":true}]}}