{"id":1271781,"date":"2026-08-31T12:54:28","date_gmt":"2026-08-31T12:54:28","guid":{"rendered":"https:\/\/www.europesays.com\/de\/1271781\/"},"modified":"2026-08-31T12:54:28","modified_gmt":"2026-08-31T12:54:28","slug":"so-koennte-die-wahl-in-sachsen-anhalt-die-regierung-ins-wanken-bringen-politik","status":"publish","type":"post","link":"https:\/\/www.europesays.com\/de\/1271781\/","title":{"rendered":"So k\u00f6nnte die Wahl in Sachsen-Anhalt die Regierung ins Wanken bringen | Politik"},"content":{"rendered":"<p><img loading=\"lazy\" decoding=\"async\" src=\"https:\/\/www.europesays.com\/de\/wp-content\/uploads\/2026\/08\/vgzm.2150080-6a950ed8518a586e1855dbde.gif\" width=\"1\" height=\"1\" alt=\"\" class=\"vgwort-pixel\"\/>Schicksalswahlen im Osten: Drei Szenarien, die Merz gef\u00e4hrlich werden k\u00f6nnen<img fetchpriority=\"high\" decoding=\"async\" width=\"992\" height=\"558\" alt=\"Kanzler Friedrich Merz (70, CDU), Bundesarbeitsministerin B\u00e4rbel Bas (58, SPD) und Finanzminister Lars Klingbeil (48, SPD)\" loading=\"eager\" src=\"https:\/\/www.europesays.com\/de\/wp-content\/uploads\/2026\/08\/689dd4dda5cd81823cd3aa6fb9dc233d,36007ade.jpeg\"   class=\"landscape\"\/><\/p>\n<p class=\"fig__caption__text\">Kanzler Friedrich Merz (70, CDU), Bundesarbeitsministerin B\u00e4rbel Bas (58, SPD) und Finanzminister Lars Klingbeil (48, SPD)<\/p>\n<p>Foto: ddp\/dts Nachrichtenagentur<\/p>\n<p><a href=\"https:\/\/www.bild.de\/autor\/julius-nieweler\" class=\"anchor article_author__link\" rel=\"nofollow noopener\" target=\"_blank\"><img loading=\"lazy\" decoding=\"async\" src=\"https:\/\/www.europesays.com\/de\/wp-content\/uploads\/2026\/08\/4f6abbe7baf344a829d8f49df47a9093,16fef8be.jpeg\" width=\"320\" height=\"180\" alt=\"\" class=\"article_author__image\"\/><\/a>31.08.2026 &#8211; 13:53 Uhr <a class=\"skip-content skip-content--link\" href=\"#in-content-skip-link-target-v-0-0\">TTS-Player \u00fcberspringen\u21b5<\/a><a id=\"in-content-skip-link-target-v-0-0\" class=\"skip-content--target-link-hidden skip-content skip-content--target-link\" href=\"#in-content-skip-link-target-v-0-0\">Artikel weiterlesen<\/a><\/p>\n<p>Berlin \u2013 <b>Sachsen-Anhalt ist klein, doch am Sonntag schaut ganz Deutschland hin. Erstmals k\u00f6nnte eine als rechtsextrem eingestufte Partei auf Landesebene an die Macht kommen. Gleichzeitig droht die Wahl zur Belastungsprobe f\u00fcr Kanzler Friedrich Merz, die CDU und die SPD-Spitze zu werden. <\/b><\/p>\n<p><b>Welche Szenarien gibt es f\u00fcr die Union nach der Wahl?<\/b><\/p>\n<ul class=\"unordered-list\">\n<li><b>\u201eNoch einmal gut gegangen\u201c<br \/>\n<\/b>Die CDU landet hinter der <a href=\"https:\/\/www.bild.de\/politik\/inland\/alternative-fuer-deutschland\/afd-alle-infos-76662060.bild.html\" class=\"text-link\" rel=\"nofollow noopener\" target=\"_blank\">AfD,<\/a> kann aber trotzdem gemeinsam mit SPD und Gr\u00fcnen eine Regierung bilden. Das w\u00e4re das Wunsch-Szenario der Union \u2013 doch die Umfragen machen wenig Hoffnung: Die drei Parteien kamen seit Jahresbeginn zusammen nie \u00fcber 37 Prozent.<\/li>\n<li><b>\u201eAfD-Beben\u201c<br \/>\n<\/b>Die AfD holt die absolute Mehrheit und k\u00f6nnte mit Spitzenkandidat Ulrich Siegmund (35) allein regieren. Der Super-GAU. F\u00fcr die CDU w\u00e4re es eine historische Niederlage \u2013 und Merz d\u00fcrfte daf\u00fcr pers\u00f6nlich verantwortlich gemacht werden. CDU-Spitzenkandidat Sven Schulze (47) hat sich im Wahlkampf deutlich von der Bundespartei abgegrenzt. In <a href=\"https:\/\/www.bild.de\/regional\/berlin\/berlin-regional\/home-15823246.bild.html\" class=\"text-link\" rel=\"nofollow noopener\" target=\"_blank\">Berlin<\/a> k\u00f6nnte der Druck auf den Kanzler deshalb massiv steigen. Der US-Wettanbieter Polymarket, der bei Prognosen zu Trump, Merz und anderen politischen Ereignissen zuletzt mehrfach richtig lag, sieht die Chance auf eine AfD-Alleinregierung in <a href=\"https:\/\/www.bild.de\/regional\/sachsen-anhalt\/sachsen-anhalt\/home-54527072.bild.html\" class=\"text-link\" rel=\"nofollow noopener\" target=\"_blank\">Sachsen-Anhalt<\/a> inzwischen bei nur 19%.<\/li>\n<\/ul>\n<ul class=\"unordered-list\">\n<li><b>\u201eDie Zerrei\u00dfprobe\u201c<br \/>\n<\/b>Die AfD verpasst die absolute Mehrheit, doch die CDU kann nur mit Linken oder AfD regieren. Eine Zusammenarbeit mit beiden Parteien verbietet eigentlich der CDU-Parteitagsbeschluss von 2018. Doch die Brandmauer zur Linken br\u00f6ckelt bereits: In Sachsen und Th\u00fcringen st\u00fctzen sich CDU-gef\u00fchrte Minderheitsregierungen punktuell auf die Linke. Sollte auch <a href=\"https:\/\/www.bild.de\/regional\/sachsen\/home-iIn0kpu2E59hLqZmJPC6\" class=\"text-link\" rel=\"nofollow noopener\" target=\"_blank\">Sachsen<\/a>-Anhalt diesen Weg gehen, k\u00f6nnte die CDU eskalieren: Diejenigen, die eine Zusammenarbeit mit der AfD wollen, k\u00f6nnten die Gelegenheit nutzen, die Brandmauer nach rechts ebenfalls infrage zu stellen. Im schlimmsten Fall droht eine Spaltung der Partei.<\/li>\n<\/ul>\n<p>Mehr zum ThemaUnd die SPD?<\/p>\n<p>Auch f\u00fcr Lars Klingbeil und B\u00e4rbel Bas steht viel auf dem Spiel.<\/p>\n<ul class=\"unordered-list\">\n<li><b>\u201eTotalabsturz\u201c:<\/b> Die <a href=\"https:\/\/www.bild.de\/politik\/inland\/spd\/spd-alle-infos-76661710.bild.html\" class=\"text-link\" rel=\"nofollow noopener\" target=\"_blank\">SPD<\/a> fliegt erstmals aus einem Landtag. Aktuell liegt sie zwar bei 8 bis 9 Prozent, sicher ist der Einzug aber nicht. Ein Scheitern w\u00fcrde den innerparteilichen Ruf nach Konsequenzen f\u00fcr die Parteif\u00fchrung massiv verst\u00e4rken. <\/li>\n<li><b>\u201eF\u00fcnf plus\u201c:<\/b> Die SPD schafft den Einzug und bleibt damit wahrscheinlich Teil der Regierung in Magdeburg. Das w\u00e4re wichtig f\u00fcr die Partei \u2013 aber noch l\u00e4ngst kein Befreiungsschlag.<\/li>\n<\/ul>\n<p>Gro\u00dfer Knall erst Ende September? <\/p>\n<p>Der gro\u00dfe Knall k\u00f6nnte aber erst Ende September folgen. DENN: Am 20. September wird in Berlin und Mecklenburg-Vorpommern gew\u00e4hlt \u2013 und f\u00fcr die CDU kommt der Druck von beiden Seiten: von rechts durch die AfD und von links durch die Linke! In Berlin liegt die Linke laut aktueller Civey-Umfrage mit 20 Prozent knapp vor CDU (19) und AfD (18). Eine Regierung aus Linken, Gr\u00fcnen und SPD w\u00e4re damit m\u00f6glich. Die CDU k\u00f6nnte aus der Regierung fliegen, w\u00e4hrend links der Mitte die st\u00e4rkste Kraft sitzt. In Mecklenburg-Vorpommern droht der Union sogar ein Absturz unter zehn Prozent. Sollte das eintreffen, dann k\u00f6nnte die Frage nach einem Kanzlertausch zur\u00fcckkehren. Und bei der SPD? Verliert Manuela Schwesig (52) ihr Ministerpr\u00e4sidentenamt in Mecklenburg-Vorpommern, d\u00fcrfte auch der Druck auf Klingbeil und Bas steigen.<\/p>\n<p class=\"article-content-user-report\"><a href=\"mailto:meinung-melden-politik@bild.de?body=%0A%0A%0AURL%3A%20https%3A%2F%2Fwww.bild.de%2Fpolitik%2Finland%2Fso-koennte-die-wahl-in-sachsen-anhalt-die-regierung-ins-wanken-bringen-6a950ed8518a586e1855dbde%0ADatum%3A%2031.8.2026%2C%2014%3A54%3A18%0A\" target=\"_blank\" rel=\"noopener\" class=\"anchor anchor--external\">Haben Sie eine Meinung zu diesem Artikel? Hier k\u00f6nnen Sie uns schreiben.<\/a><br \/><a href=\"mailto:fehler-melden-politik@bild.de?body=%0A%0A%0AURL%3A%20https%3A%2F%2Fwww.bild.de%2Fpolitik%2Finland%2Fso-koennte-die-wahl-in-sachsen-anhalt-die-regierung-ins-wanken-bringen-6a950ed8518a586e1855dbde%0ADatum%3A%2031.8.2026%2C%2014%3A54%3A18%0A\" target=\"_blank\" rel=\"noopener\" class=\"anchor anchor--external\">Haben Sie Fehler entdeckt? Dann weisen Sie uns gern darauf hin.<\/a><\/p>\n","protected":false},"excerpt":{"rendered":"Schicksalswahlen im Osten: Drei Szenarien, die Merz gef\u00e4hrlich werden k\u00f6nnen Kanzler Friedrich Merz (70, CDU), Bundesarbeitsministerin B\u00e4rbel Bas&hellip;\n","protected":false},"author":2,"featured_media":1271782,"comment_status":"","ping_status":"","sticky":false,"template":"","format":"standard","meta":{"footnotes":"","_share_on_mastodon":"0"},"categories":[2],"tags":[150,31,29,1152,30,13,32,14,15,12,184,138370,10,8,9,11],"class_list":["post-1271781","post","type-post","status-publish","format-standard","has-post-thumbnail","category-deutschland","tag-alternative-fuer-deutschland","tag-cdu","tag-deutschland","tag-die-gruenen","tag-germany","tag-headlines","tag-merz-friedrich","tag-nachrichten","tag-news","tag-schlagzeilen","tag-spd","tag-team-first","tag-top-news","tag-top-meldungen","tag-topmeldungen","tag-topnews"],"share_on_mastodon":{"url":"","error":""},"_links":{"self":[{"href":"https:\/\/www.europesays.com\/de\/wp-json\/wp\/v2\/posts\/1271781","targetHints":{"allow":["GET"]}}],"collection":[{"href":"https:\/\/www.europesays.com\/de\/wp-json\/wp\/v2\/posts"}],"about":[{"href":"https:\/\/www.europesays.com\/de\/wp-json\/wp\/v2\/types\/post"}],"author":[{"embeddable":true,"href":"https:\/\/www.europesays.com\/de\/wp-json\/wp\/v2\/users\/2"}],"replies":[{"embeddable":true,"href":"https:\/\/www.europesays.com\/de\/wp-json\/wp\/v2\/comments?post=1271781"}],"version-history":[{"count":0,"href":"https:\/\/www.europesays.com\/de\/wp-json\/wp\/v2\/posts\/1271781\/revisions"}],"wp:featuredmedia":[{"embeddable":true,"href":"https:\/\/www.europesays.com\/de\/wp-json\/wp\/v2\/media\/1271782"}],"wp:attachment":[{"href":"https:\/\/www.europesays.com\/de\/wp-json\/wp\/v2\/media?parent=1271781"}],"wp:term":[{"taxonomy":"category","embeddable":true,"href":"https:\/\/www.europesays.com\/de\/wp-json\/wp\/v2\/categories?post=1271781"},{"taxonomy":"post_tag","embeddable":true,"href":"https:\/\/www.europesays.com\/de\/wp-json\/wp\/v2\/tags?post=1271781"}],"curies":[{"name":"wp","href":"https:\/\/api.w.org\/{rel}","templated":true}]}}