{"id":1271783,"date":"2026-08-31T12:56:24","date_gmt":"2026-08-31T12:56:24","guid":{"rendered":"https:\/\/www.europesays.com\/de\/1271783\/"},"modified":"2026-08-31T12:56:24","modified_gmt":"2026-08-31T12:56:24","slug":"anstieg-um-29-prozent-oelpreis-und-niedrigwasser-treiben-die-inflation-an","status":"publish","type":"post","link":"https:\/\/www.europesays.com\/de\/1271783\/","title":{"rendered":"Anstieg um 2,9 Prozent: \u00d6lpreis und Niedrigwasser treiben die Inflation an"},"content":{"rendered":"<p>Anstieg um 2,9 Prozent\u00d6lpreis und Niedrigwasser treiben die Inflation an<\/p>\n<p>31.08.2026, 14:03 Uhr <\/p>\n<p>Artikel anh\u00f6ren(03:18 min)<\/p>\n<p><img decoding=\"async\" class=\"Image_img__fQCi0 Image_Img_16_9__4BLfH widget-picture-inline_maximizable__t_E7h\" loading=\"eager\" fetchpriority=\"high\" src=\"https:\/\/www.europesays.com\/de\/wp-content\/uploads\/2026\/08\/615931909.webp\" alt=\"615931909\"\/>Benzin und Diesel kosten wieder sehr viel. (Foto: picture alliance \/ Rene Traut Fotografie)<\/p>\n<p class=\"Typography_text-m__XI0da Typography_weight-bold__uT6mq storyline_lead_text_leadtext__q_wg8\">Die Preise f\u00fcr Verbraucher steigen im August erneut schneller als im Vormonat. Die Gr\u00fcnde daf\u00fcr liegen vor allem im anhaltenden Nahost-Krieg. Aber auch das Niedrigwasser in deutschen Fl\u00fcssen tr\u00e4gt zur Teuerung bei.<\/p>\n<p class=\"Typography_text-default__P3otY Typography_weight-normal__pqUbH storyline_paragraph_p__qSR5N\">Die\u00a0Inflation\u00a0in Deutschland ist im August erneut gestiegen. Waren und Dienstleistungen verteuerten sich um 2,9 Prozent im Vergleich zum Vorjahresmonat, wie das Statistische Bundesamt in seiner ersten Sch\u00e4tzung mitteilte. Im Juli stieg die Inflation bereits um 2,8 Prozent, im Juni um 2,3. Gr\u00fcnde f\u00fcr den Anstieg sind vor allem die gestiegenen \u00d6lpreise. Auch Sondereffekte wie das Niedrigwasser am Rhein belasteten &#8211; etwa in Nordrhein-Westfalen.<\/p>\n<p class=\"Typography_text-default__P3otY Typography_weight-normal__pqUbH storyline_paragraph_p__qSR5N\">Energie verteuerte sich um 7,5 Prozent im Vergleich zum Vorjahresmonat, nach 8,3 Prozent im Juli. Der Ende Februar begonnene Krieg der USA und Israels gegen den Iran ist in den vergangenen Wochen wieder aufgeflammt. Das hat die Energiepreise in die H\u00f6he getrieben. In Nordrhein-Westfalen etwa kostete Heiz\u00f6l im August 33,6 Prozent mehr als ein Jahr zuvor, w\u00e4hrend sich Diesel um 35,6 Prozent und Benzin um 24 Prozent verteuerten. <\/p>\n<p class=\"Typography_text-default__P3otY Typography_weight-normal__pqUbH storyline_paragraph_p__qSR5N\">Allein von Juli auf August verteuerten sich Kraftstoffe in NRW um 2,6 Prozent &#8211; &#8222;auch vor dem Hintergrund des im August herrschenden Niedrigwassers im Rhein&#8220;, wie das Statistische Landesamt betonte. Raffinerien werden h\u00e4ufig per Binnenschiff beliefert, wie das Bundeskartellamt erkl\u00e4rte. Durch das Rekord-Niedrigwasser des Rheins wurde die Schifffahrt auf Europas wichtigster Binnenwasserstra\u00dfe erheblich beeintr\u00e4chtigt.<\/p>\n<p>EZB k\u00f6nnte Leitzins anheben<\/p>\n<p class=\"Typography_text-default__P3otY Typography_weight-normal__pqUbH storyline_paragraph_p__qSR5N\">Nahrungsmittel kosteten bundesweit erneut durchschnittlich 0,1 Prozent mehr (Juli: plus 0,4 Prozent). F\u00fcr Dienstleistungen wie Versicherungen oder Reisen wurden 2,8 Prozent mehr verlangt (Juli: plus 2,9 Prozent). Die Preise ohne Nahrungsmittel und Energie, auch als\u00a0Kerninflation\u00a0bezeichnet, legten erneut um 2,4 Prozent zu. Von Juli auf August zogen die Verbraucherpreise insgesamt um 0,2 Prozent an.<\/p>\n<p class=\"Typography_text-default__P3otY Typography_weight-normal__pqUbH storyline_paragraph_p__qSR5N\">Auch in anderen gro\u00dfen Euro-L\u00e4ndern wie Frankreich und Spanien lag die\u00a0Inflation\u00a0im August deutlich \u00fcber dem Ziel der Europ\u00e4ischen Zentralbank, die einen Wert von zwei Prozent anstrebt. Sie k\u00f6nnte deshalb im September ihren Leitzins zum zweiten Mal in diesem Jahr anheben &#8211; von 2,25 auf 2,50 Prozent. &#8222;Zwar bleiben die Entscheidungen von der Datenlage abh\u00e4ngig, doch d\u00fcrfte eine weitere Zinsanhebung notwendig sein, sofern sich die\u00a0Inflationsaussichten\u00a0nicht erheblich verbessern sollten&#8220;, hie\u00df es in den Protokollen zur Juli-Sitzung der EZB. Die Zentralbank hatte die Zinsen im Juni erstmals seit fast drei Jahren angehoben und im Juli pausiert.<\/p>\n<p class=\"Typography_text-s__wu_cm Typography_weight-normal__pqUbH Typography_color-darkgrey__sZEnP article-detail-footer_source__KslPc\">Quelle: ntv.de, jog\/rts<\/p>\n","protected":false},"excerpt":{"rendered":"Anstieg um 2,9 Prozent\u00d6lpreis und Niedrigwasser treiben die Inflation an 31.08.2026, 14:03 Uhr Artikel anh\u00f6ren(03:18 min) Benzin und&hellip;\n","protected":false},"author":2,"featured_media":1271784,"comment_status":"","ping_status":"","sticky":false,"template":"","format":"standard","meta":{"footnotes":"","_share_on_mastodon":"0"},"categories":[5],"tags":[21315,13,871,14,15,1124,5226,12,10,8,9,11,55],"class_list":["post-1271783","post","type-post","status-publish","format-standard","has-post-thumbnail","category-nachrichten","tag-benzinpreis","tag-headlines","tag-inflation","tag-nachrichten","tag-news","tag-oelpreis","tag-schifffahrt","tag-schlagzeilen","tag-top-news","tag-top-meldungen","tag-topmeldungen","tag-topnews","tag-wirtschaft"],"share_on_mastodon":{"url":"https:\/\/pubeurope.com\/@de\/117190238480005414","error":""},"_links":{"self":[{"href":"https:\/\/www.europesays.com\/de\/wp-json\/wp\/v2\/posts\/1271783","targetHints":{"allow":["GET"]}}],"collection":[{"href":"https:\/\/www.europesays.com\/de\/wp-json\/wp\/v2\/posts"}],"about":[{"href":"https:\/\/www.europesays.com\/de\/wp-json\/wp\/v2\/types\/post"}],"author":[{"embeddable":true,"href":"https:\/\/www.europesays.com\/de\/wp-json\/wp\/v2\/users\/2"}],"replies":[{"embeddable":true,"href":"https:\/\/www.europesays.com\/de\/wp-json\/wp\/v2\/comments?post=1271783"}],"version-history":[{"count":0,"href":"https:\/\/www.europesays.com\/de\/wp-json\/wp\/v2\/posts\/1271783\/revisions"}],"wp:featuredmedia":[{"embeddable":true,"href":"https:\/\/www.europesays.com\/de\/wp-json\/wp\/v2\/media\/1271784"}],"wp:attachment":[{"href":"https:\/\/www.europesays.com\/de\/wp-json\/wp\/v2\/media?parent=1271783"}],"wp:term":[{"taxonomy":"category","embeddable":true,"href":"https:\/\/www.europesays.com\/de\/wp-json\/wp\/v2\/categories?post=1271783"},{"taxonomy":"post_tag","embeddable":true,"href":"https:\/\/www.europesays.com\/de\/wp-json\/wp\/v2\/tags?post=1271783"}],"curies":[{"name":"wp","href":"https:\/\/api.w.org\/{rel}","templated":true}]}}