{"id":1271785,"date":"2026-08-31T12:57:26","date_gmt":"2026-08-31T12:57:26","guid":{"rendered":"https:\/\/www.europesays.com\/de\/1271785\/"},"modified":"2026-08-31T12:57:26","modified_gmt":"2026-08-31T12:57:26","slug":"spannendes-programm-am-sonntag-saaleschwimmschein-brueckenspringen-und-tanztag-beim-laternenfest-live-video-der-spruenge-du-bist-halle","status":"publish","type":"post","link":"https:\/\/www.europesays.com\/de\/1271785\/","title":{"rendered":"Spannendes Programm am Sonntag: Saaleschwimmschein, Br\u00fcckenspringen und Tanztag beim Laternenfest \u2013 Live-Video der Spr\u00fcnge \u2013 Du bist Halle"},"content":{"rendered":"<p class=\"wp-block-paragraph\">Nach dem fulminanten Samstag geht das 89. Laternenfest in Halle am heutigen Sonntag, den 30. August, in seine n\u00e4chste mitrei\u00dfende Runde. Entlang der Saale, auf der Ziegelwiese und auf der Pei\u00dfnitz erwartet die Besucherinnen und Besucher noch einmal ein vollgepacktes Tagesprogramm mit sportlichen H\u00f6hepunkten und viel Bewegung.<\/p>\n<p>Werbung<\/p>\n<p><a href=\"https:\/\/swh.de\/produkte\" target=\"_blank\" aria-label=\"swh-image-800\u00d7600-tuerme\" rel=\"nofollow noopener\"><img loading=\"lazy\" decoding=\"async\" src=\"https:\/\/www.europesays.com\/de\/wp-content\/uploads\/2026\/03\/swh-image-800x600-tuerme.png\" alt=\"\"   width=\"800\" height=\"600\"\/><\/a><\/p>\n<p class=\"wp-block-paragraph\"><strong>Mutige Spr\u00fcnge und nasse Herausforderungen<\/strong><\/p>\n<p class=\"wp-block-paragraph\">Das Wasser der Saale steht auch heute wieder im Mittelpunkt des Geschehens. Zu den absoluten Publikums-Highlights geh\u00f6rt das spektakul\u00e4re Br\u00fcckenspringen, bei dem mutige Sportlerinnen und Sportler mit gewagten Figuren von den Br\u00fccken in die k\u00fchlen Fluten eintauchen. Wer selbst im Fluss aktiv werden m\u00f6chte, hat zudem die Gelegenheit, den begehrten Saaleschwimmschein zu absolvieren \u2013 ein traditionsreicher Spa\u00df f\u00fcr alle ge\u00fcbten Schwimmer. Die Spr\u00fcnge werden im Livestream gezeigt, mehr dazu em Ende der Seite.<\/p>\n<p class=\"wp-block-paragraph\"><strong>Ganz Halle im Tanzfieber<\/strong><\/p>\n<p class=\"wp-block-paragraph\">An Land wird es keineswegs ruhiger: Der gro\u00dfe Tanztag verwandelt die Festwiesen in eine riesige Open-Air-Tanzfl\u00e4che. Zahlreiche regionale Tanzgruppen und Vereine pr\u00e4sentieren ihr K\u00f6nnen auf den B\u00fchnen und laden das Publikum mit mitrei\u00dfenden Rhythmen zum Mittanzen und Verweilen ein.<\/p>\n<p>Werbung<\/p>\n<p><a href=\"https:\/\/syntainics-mbc.de\/54547-2\/\" target=\"_blank\" aria-label=\"berufstag halfit lions\" rel=\"nofollow noopener\"><img loading=\"lazy\" decoding=\"async\" src=\"https:\/\/www.europesays.com\/de\/wp-content\/uploads\/2026\/08\/berufstag-halfit-lions.png\" alt=\"\"   width=\"1024\" height=\"536\"\/><\/a><\/p>\n<p class=\"wp-block-paragraph\">Neben diesen Hauptattraktionen bieten die St\u00e4nde, Mitmach-Aktionen und Kulinarik-Angebote rund um die Pei\u00dfnitz bis zum Abend beste Unterhaltung f\u00fcr die ganze Familie. Ein Besuch an den Saale-Ufern lohnt sich also auch am Sonntag garantiert!<\/p>\n<\/p>\n<p>Werbung<\/p>\n<p><a href=\"https:\/\/www.saalesparkasse.de\/de\/home\/aktionen\/expertise-statt-ahnungen.html?n=true&amp;utm_source=affilinet&amp;utm_medium=affiliate&amp;utm_campaign=dubisthalle_expertise_2026\" target=\"_blank\" aria-label=\"dubisthalle_800x600_Hoerig\" rel=\"nofollow noopener\"><img loading=\"lazy\" decoding=\"async\" src=\"https:\/\/www.europesays.com\/de\/wp-content\/uploads\/2026\/06\/dubisthalle_800x600_Hoerig.jpg\" alt=\"\"   width=\"1067\" height=\"800\"\/><\/a>          <\/p>\n","protected":false},"excerpt":{"rendered":"Nach dem fulminanten Samstag geht das 89. Laternenfest in Halle am heutigen Sonntag, den 30. August, in seine&hellip;\n","protected":false},"author":2,"featured_media":878772,"comment_status":"","ping_status":"","sticky":false,"template":"","format":"standard","meta":{"footnotes":"","_share_on_mastodon":"0"},"categories":[1860],"tags":[3364,29,548,663,3934,30,4062,17332,13,14,15,17331,860,12],"class_list":["post-1271785","post","type-post","status-publish","format-standard","has-post-thumbnail","category-halle-saale","tag-de","tag-deutschland","tag-eu","tag-europa","tag-europe","tag-germany","tag-halle","tag-halle-saale","tag-headlines","tag-nachrichten","tag-news","tag-saale","tag-sachsen-anhalt","tag-schlagzeilen"],"share_on_mastodon":{"url":"https:\/\/pubeurope.com\/@de\/117190241714792734","error":""},"_links":{"self":[{"href":"https:\/\/www.europesays.com\/de\/wp-json\/wp\/v2\/posts\/1271785","targetHints":{"allow":["GET"]}}],"collection":[{"href":"https:\/\/www.europesays.com\/de\/wp-json\/wp\/v2\/posts"}],"about":[{"href":"https:\/\/www.europesays.com\/de\/wp-json\/wp\/v2\/types\/post"}],"author":[{"embeddable":true,"href":"https:\/\/www.europesays.com\/de\/wp-json\/wp\/v2\/users\/2"}],"replies":[{"embeddable":true,"href":"https:\/\/www.europesays.com\/de\/wp-json\/wp\/v2\/comments?post=1271785"}],"version-history":[{"count":0,"href":"https:\/\/www.europesays.com\/de\/wp-json\/wp\/v2\/posts\/1271785\/revisions"}],"wp:featuredmedia":[{"embeddable":true,"href":"https:\/\/www.europesays.com\/de\/wp-json\/wp\/v2\/media\/878772"}],"wp:attachment":[{"href":"https:\/\/www.europesays.com\/de\/wp-json\/wp\/v2\/media?parent=1271785"}],"wp:term":[{"taxonomy":"category","embeddable":true,"href":"https:\/\/www.europesays.com\/de\/wp-json\/wp\/v2\/categories?post=1271785"},{"taxonomy":"post_tag","embeddable":true,"href":"https:\/\/www.europesays.com\/de\/wp-json\/wp\/v2\/tags?post=1271785"}],"curies":[{"name":"wp","href":"https:\/\/api.w.org\/{rel}","templated":true}]}}