{"id":1271786,"date":"2026-08-31T12:59:32","date_gmt":"2026-08-31T12:59:32","guid":{"rendered":"https:\/\/www.europesays.com\/de\/1271786\/"},"modified":"2026-08-31T12:59:32","modified_gmt":"2026-08-31T12:59:32","slug":"pol-ac-einbrecher-nach-einbruch-von-polizei-festgenommen-kripo-sucht-jetzt-zeugen","status":"publish","type":"post","link":"https:\/\/www.europesays.com\/de\/1271786\/","title":{"rendered":"POL-AC: Einbrecher nach Einbruch von Polizei festgenommen &#8211; Kripo sucht jetzt Zeugen"},"content":{"rendered":"<p class=\"date\">31.08.2026 \u2013 13:05<\/p>\n<p class=\"customer\">\n                        <a class=\"story-customer\" title=\"weiter zum newsroom von Polizei Aachen\" href=\"https:\/\/www.presseportal.de\/blaulicht\/nr\/11559\" rel=\"nofollow noopener\" target=\"_blank\">Polizei Aachen<\/a>\n                    <\/p>\n<p><a data-category=\"citylink-story-view\" data-action=\"click\" data-label=\"Citylink in Meldungsansicht\" class=\"story-city event-trigger\" href=\"https:\/\/www.presseportal.de\/regional\/Eschweiler\" title=\"News aus Eschweiler \" rel=\"nofollow noopener\" target=\"_blank\">Eschweiler<\/a> (ots)<\/p>\n<p>In der Nacht von Samstag auf Sonntag (30.08.2026) sind vier Personen im Bereich der Tannenbergstra\u00dfe in eine Gastst\u00e4tte eingebrochen. Zwei Tatverd\u00e4chtige konnten von der Polizei auf frischer Tat festgenommen werden. Zur Ergreifung der beiden anderen sucht die Kriminalpolizei jetzt nach Zeugen.<\/p>\n<p>Nach derzeitigen Erkenntnissen brachen die vier M\u00e4nner gegen 03:20 Uhr in die Gastst\u00e4tte ein und entwendeten Bargeld in H\u00f6he eines mittleren dreistelligen Betrags. Hierbei wurden sie von Einsatzkr\u00e4ften der Polizei Aachen auf frischer Tat angetroffen. Ein aufmerksamer Anwohner hatte zuvor den Notruf gew\u00e4hlt und die Einbrecher gemeldet.<\/p>\n<p>Dank des schnellen Anrufs konnte noch eine Person in der N\u00e4he der Gastst\u00e4tte von den ersten Streifenwagenbesatzungen festgenommen werden. Die drei anderen Tatverd\u00e4chtigen fl\u00fcchteten zun\u00e4chst zu Fu\u00df vom Tatort. Ein Diensthund der Polizei Aachen witterte jedoch die F\u00e4hrte und f\u00fchrte die Polizistinnen und Polizisten zu einer Gr\u00fcnanlage. Dort hatte sich ein zweiter Einbrecher im Dickicht versteckt. Er konnte unter Einsatz des Polizeihundes ebenfalls festgenommen und einer Polizeiwache zugef\u00fchrt werden.<\/p>\n<p>Die beiden anderen Tatverd\u00e4chtigen sind bislang noch unbekannt, sodass die Kriminalpolizei Aachen die Bev\u00f6lkerung jetzt um Mithilfe bittet.<\/p>\n<p>Wer Hinweise geben kann oder etwas Verd\u00e4chtiges beobachtet hat, wird gebeten sich bei der Kriminalpolizei zu melden. Das zust\u00e4ndige Kriminalkommissariat ist unter der Rufnummer 0241\/9577-33301 (oder au\u00dferhalb der B\u00fcrozeiten unter 0241\/9577-34210) erreichbar. (gw)<\/p>\n<p class=\"contact-headline\">R\u00fcckfragen bitte an:<\/p>\n<p class=\"contact-text\">Polizei Aachen<br \/>Pressestelle<\/p>\n<p>Telefon: 0241 \/ 9577 &#8211; 21211<br \/>E-Mail: <a href=\"https:\/\/www.presseportal.de\/blaulicht\/pm\/11559\/mailto:Pressestelle.Aachen@polizei.nrw.de\" class=\"uri-mailto\" rel=\"nofollow noopener\" target=\"_blank\">Pressestelle.Aachen@polizei.nrw.de<\/a><\/p>\n<p class=\"originator\">Original-Content von: Polizei Aachen, \u00fcbermittelt durch news aktuell<\/p>\n","protected":false},"excerpt":{"rendered":"31.08.2026 \u2013 13:05 Polizei Aachen Eschweiler (ots) In der Nacht von Samstag auf Sonntag (30.08.2026) sind vier Personen&hellip;\n","protected":false},"author":2,"featured_media":1266941,"comment_status":"","ping_status":"","sticky":false,"template":"","format":"standard","meta":{"footnotes":"","_share_on_mastodon":"0"},"categories":[1853],"tags":[1424,3364,29,548,663,3934,30,13,177,14,15,1209,176,121,178,180,179,181,12],"class_list":["post-1271786","post","type-post","status-publish","format-standard","has-post-thumbnail","category-aachen","tag-aachen","tag-de","tag-deutschland","tag-eu","tag-europa","tag-europe","tag-germany","tag-headlines","tag-kriminalitt","tag-nachrichten","tag-news","tag-nordrhein-westfalen","tag-nrw","tag-polizei","tag-presse","tag-pressemeldung","tag-pressemitteilung","tag-pressemitteilungen","tag-schlagzeilen"],"share_on_mastodon":{"url":"","error":""},"_links":{"self":[{"href":"https:\/\/www.europesays.com\/de\/wp-json\/wp\/v2\/posts\/1271786","targetHints":{"allow":["GET"]}}],"collection":[{"href":"https:\/\/www.europesays.com\/de\/wp-json\/wp\/v2\/posts"}],"about":[{"href":"https:\/\/www.europesays.com\/de\/wp-json\/wp\/v2\/types\/post"}],"author":[{"embeddable":true,"href":"https:\/\/www.europesays.com\/de\/wp-json\/wp\/v2\/users\/2"}],"replies":[{"embeddable":true,"href":"https:\/\/www.europesays.com\/de\/wp-json\/wp\/v2\/comments?post=1271786"}],"version-history":[{"count":0,"href":"https:\/\/www.europesays.com\/de\/wp-json\/wp\/v2\/posts\/1271786\/revisions"}],"wp:featuredmedia":[{"embeddable":true,"href":"https:\/\/www.europesays.com\/de\/wp-json\/wp\/v2\/media\/1266941"}],"wp:attachment":[{"href":"https:\/\/www.europesays.com\/de\/wp-json\/wp\/v2\/media?parent=1271786"}],"wp:term":[{"taxonomy":"category","embeddable":true,"href":"https:\/\/www.europesays.com\/de\/wp-json\/wp\/v2\/categories?post=1271786"},{"taxonomy":"post_tag","embeddable":true,"href":"https:\/\/www.europesays.com\/de\/wp-json\/wp\/v2\/tags?post=1271786"}],"curies":[{"name":"wp","href":"https:\/\/api.w.org\/{rel}","templated":true}]}}