{"id":1271788,"date":"2026-08-31T13:03:23","date_gmt":"2026-08-31T13:03:23","guid":{"rendered":"https:\/\/www.europesays.com\/de\/1271788\/"},"modified":"2026-08-31T13:03:23","modified_gmt":"2026-08-31T13:03:23","slug":"behinderter-mann-in-chemnitz-schamlos-beklaut","status":"publish","type":"post","link":"https:\/\/www.europesays.com\/de\/1271788\/","title":{"rendered":"Behinderter Mann in Chemnitz schamlos beklaut"},"content":{"rendered":"<p>Chemnitz &#8211; <strong>Das ist an Respektlosigkeit kaum zu \u00fcbertreffen! Die geistige Behinderung eines Mannes (24) wurde am Wochenende in <\/strong><a rel=\"nofollow noopener\" class=\"intern-link\" href=\"https:\/\/www.tag24.de\/chemnitz\" data-vars-href=\"https:\/\/www.tag24.de\/chemnitz\" data-vars-identifier=\"1788176436800\" data-vars-origin-id=\"115\" data-vars- target=\"_blank\">Chemnitz<\/a><strong> schamlos ausgenutzt. Zun\u00e4chst wurde dem 24-J\u00e4hrigen Hilfe angeboten. Kurz darauf war seine Geldb\u00f6rse verschwunden. Die <\/strong><a rel=\"nofollow noopener\" class=\"intern-link\" href=\"https:\/\/www.tag24.de\/justiz\/polizei\" data-vars-href=\"https:\/\/www.tag24.de\/justiz\/polizei\" data-vars-identifier=\"1788177529729\" data-vars-origin-id=\"249\" data-vars- target=\"_blank\">Polizei<\/a><strong> sucht Zeugen.<\/strong><\/p>\n<p>            <img loading=\"lazy\" decoding=\"async\" class=\"article__img\" alt=\"Der S\u00fcdbahnhof in Chemnitz: Hier wurde am Wochenende ein behinderter Mann (24) schamlos bestohlen.\" width=\"951\" height=\"634\" src=\"https:\/\/www.europesays.com\/de\/wp-content\/uploads\/2026\/08\/0egoyd1dpp18np5thr5f7gvw91ha3o83.jpg\"  \/><\/p>\n<p>            Der S\u00fcdbahnhof in Chemnitz: Hier wurde am Wochenende ein behinderter Mann (24) schamlos bestohlen.\u00a0\u00a0\u00a9\u00a0Kristin Schmidt<\/p>\n<p>Der Vorfall spielte Samstagnacht am Bahnhof Chemnitz S\u00fcd. Der geistig beeintr\u00e4chtigte Mann war von Th\u00fcringen nach Chemnitz gereist, wollte am n\u00e4chsten Tag mit einem Bekannten in den Urlaub fahren.<\/p>\n<p>&#8222;Als der 24-J\u00e4hrige aufgrund von Versp\u00e4tungen im Bahnverkehr erst gegen 00.26 Uhr am Bahnhof Chemnitz S\u00fcd eintraf und diesen mit seinem Fahrrad und der Reisetasche \u00fcber den Treppenabgang in Richtung Bernsdorfer Stra\u00dfe verlassen wollte, fragte ihn eine Person aus einer f\u00fcnfk\u00f6pfigen Personengruppe, ob er Hilfe ben\u00f6tige&#8220;, teilt die Bundespolizei mit.<\/p>\n<p>Dann geschah es: Eine Person hielt den jungen Mann am Arm fest und entnahm ihm die Geldb\u00f6rse aus der linken Hosentasche. Anschlie\u00dfend rannte die Gruppe in Richtung Netto davon.<\/p>\n<p>Der 24-J\u00e4hrige erz\u00e4hlte wenig sp\u00e4ter seinem Bekannten davon. Dieser alarmierte die Bundespolizei.<\/p>\n<p><strong>&#8222;Vor Ort konnten jedoch keine Personen mehr festgestellt werden&#8220;, hei\u00dft es. Die T\u00e4ter waren bereits \u00fcber alle Berge. <\/strong><\/p>\n<p>            <img decoding=\"async\" class=\"article__img\" alt=\"An diesem Abrisshaus an der Bernsdorfer Stra\u00dfe lag die Brieftasche des Mannes.\" width=\"951\" height=\"634\" loading=\"lazy\" src=\"https:\/\/www.europesays.com\/de\/wp-content\/uploads\/2026\/08\/rneaf5naohh34zxqt5yvpxv2rbqzybnq.jpg\"  \/><\/p>\n<p>            An diesem Abrisshaus an der Bernsdorfer Stra\u00dfe lag die Brieftasche des Mannes.\u00a0\u00a0\u00a9\u00a0Kristin Schmidt<\/p>\n<p>Doch der Bekannte lie\u00df nicht locker &#8211; er suchte den Bereich um den Bahnhof nochmals ab. An einem Abrisshaus an der Bernsdorfer Stra\u00dfe fand er laut Polizeiangaben die gestohlene Brieftasche. &#8222;Jedoch blieben einige Ausweisdokumente sowie Bargeld verschwunden&#8220;, teilt die Bundespolizei mit.<\/p>\n<p>Aktuell laufen die Ermittlungen wegen besonders schweren Fall des Diebstahls. Zudem werden Zeugen gesucht: Wer hat den Vorfall beobachtet? Wer kann Angaben zu der Personengruppe machen?<\/p>\n<p><strong>Hinweise nimmt die Bundespolizei Chemnitz unter der Nummer <\/strong><a target=\"_blank\" rel=\"nofollow noopener\" class=\"\" href=\"https:\/\/www.tag24.de\/chemnitz\/crime\/tel:0371337830\" data-vars-href=\"https:\/\/www.tag24.de\/chemnitz\/crime\/tel:0371337830\" data-vars-identifier=\"1788177436111\" data-vars->0371\/337830 <\/a><strong>oder jede andere Polizeidienststelle entgegen.<\/strong><\/p>\n","protected":false},"excerpt":{"rendered":"Chemnitz &#8211; Das ist an Respektlosigkeit kaum zu \u00fcbertreffen! Die geistige Behinderung eines Mannes (24) wurde am Wochenende&hellip;\n","protected":false},"author":2,"featured_media":1271789,"comment_status":"","ping_status":"","sticky":false,"template":"","format":"standard","meta":{"footnotes":"","_share_on_mastodon":"0"},"categories":[1851],"tags":[2770,3364,29,548,663,3934,30,13,14,15,859,12],"class_list":["post-1271788","post","type-post","status-publish","format-standard","has-post-thumbnail","category-chemnitz","tag-chemnitz","tag-de","tag-deutschland","tag-eu","tag-europa","tag-europe","tag-germany","tag-headlines","tag-nachrichten","tag-news","tag-sachsen","tag-schlagzeilen"],"share_on_mastodon":{"url":"https:\/\/pubeurope.com\/@de\/117190263471764497","error":""},"_links":{"self":[{"href":"https:\/\/www.europesays.com\/de\/wp-json\/wp\/v2\/posts\/1271788","targetHints":{"allow":["GET"]}}],"collection":[{"href":"https:\/\/www.europesays.com\/de\/wp-json\/wp\/v2\/posts"}],"about":[{"href":"https:\/\/www.europesays.com\/de\/wp-json\/wp\/v2\/types\/post"}],"author":[{"embeddable":true,"href":"https:\/\/www.europesays.com\/de\/wp-json\/wp\/v2\/users\/2"}],"replies":[{"embeddable":true,"href":"https:\/\/www.europesays.com\/de\/wp-json\/wp\/v2\/comments?post=1271788"}],"version-history":[{"count":0,"href":"https:\/\/www.europesays.com\/de\/wp-json\/wp\/v2\/posts\/1271788\/revisions"}],"wp:featuredmedia":[{"embeddable":true,"href":"https:\/\/www.europesays.com\/de\/wp-json\/wp\/v2\/media\/1271789"}],"wp:attachment":[{"href":"https:\/\/www.europesays.com\/de\/wp-json\/wp\/v2\/media?parent=1271788"}],"wp:term":[{"taxonomy":"category","embeddable":true,"href":"https:\/\/www.europesays.com\/de\/wp-json\/wp\/v2\/categories?post=1271788"},{"taxonomy":"post_tag","embeddable":true,"href":"https:\/\/www.europesays.com\/de\/wp-json\/wp\/v2\/tags?post=1271788"}],"curies":[{"name":"wp","href":"https:\/\/api.w.org\/{rel}","templated":true}]}}