{"id":1271790,"date":"2026-08-31T13:05:18","date_gmt":"2026-08-31T13:05:18","guid":{"rendered":"https:\/\/www.europesays.com\/de\/1271790\/"},"modified":"2026-08-31T13:05:18","modified_gmt":"2026-08-31T13:05:18","slug":"pol-bs-kontrollen-zum-juengst-verordneten-waffen-und-messerverbot-in-oeffentlichen","status":"publish","type":"post","link":"https:\/\/www.europesays.com\/de\/1271790\/","title":{"rendered":"POL-BS: Kontrollen zum j\u00fcngst verordneten Waffen- und Messerverbot in \u00f6ffentlichen &#8230;"},"content":{"rendered":"<p class=\"date\">31.08.2026 \u2013 14:08<\/p>\n<p class=\"customer\">\n                        <a class=\"story-customer\" title=\"weiter zum newsroom von Polizei Braunschweig\" href=\"https:\/\/www.presseportal.de\/blaulicht\/nr\/11554\" rel=\"nofollow noopener\" target=\"_blank\">Polizei Braunschweig<\/a>\n                    <\/p>\n<p><a data-category=\"citylink-story-view\" data-action=\"click\" data-label=\"Citylink in Meldungsansicht\" class=\"story-city event-trigger\" href=\"https:\/\/www.presseportal.de\/regional\/Braunschweig\" title=\"News aus Braunschweig \" rel=\"nofollow noopener\" target=\"_blank\">Braunschweig<\/a> (ots)<\/p>\n<p>Braunschweig, \u00d6PNV<\/p>\n<p>29.08.26, 14.00 &#8211; 22.00 Uhr<\/p>\n<p>Ende M\u00e4rz trat die &#8222;Verordnung \u00fcber das Verbot des F\u00fchrens von Waffen und Messern in Verkehrsmitteln und Einrichtungen des \u00f6ffentlichen Personenverkehrs&#8220; in Kraft.<\/p>\n<p>Aufgrund dieser Verordnung wurde am vergangenen Samstag eine sog. Verbundkontrolle durch die Polizei Braunschweig initiiert. Neben Beamtinnen und Beamten der Polizeiinspektion Braunschweig, nahmen daran Kolleginnen und Kollegen der Bundespolizeiinspektion Hannover sowie Mitarbeiter des Ordnungsdienstes der Stadt Braunschweig teil.<br \/>\nDar\u00fcber hinaus waren die Braunschweiger Verkehrsbetriebe sowie die DB-Sicherheit in die Ma\u00dfnahmen involviert.<\/p>\n<p>Im Fokus standen dabei der Bereich des Hauptbahnhofes, inklusive des Zentralen Omnibusbahnhofs, sowie s\u00e4mtliche Busse und Stra\u00dfenbahnen.<\/p>\n<p>Vom Nachmittag bis in den sp\u00e4ten Abend wurden dabei insgesamt 168 Personen kontrolliert.<\/p>\n<p>Hervorzuheben sind hier das Mitf\u00fchren eines Teleskopschlagstocks durch einen 17-J\u00e4hrigen sowie das Auffinden eines Einhandmessers in den Taschen eines 26-J\u00e4hrigen.<br \/>\nDes Weiteren wurden diverse Verst\u00f6\u00dfe gegen das Bet\u00e4ubungsmittelgesetz festgestellt.<br \/>\nGegen 19.00 Uhr konnten die eingesetzten Beamten zwei M\u00e4nner auf frischer Tat bei einem gewerbsm\u00e4\u00dfigen Ladendiebstahl feststellen und vorl\u00e4ufig festnehmen. Im Rahmen eines beschleunigten Verfahrens wurde am Folgetag durch das Amtsgericht Braunschweig Haftbefehl gegen die beiden M\u00e4nner erlassen, so dass beide einer Justizvollzugsanstalt zugef\u00fchrt wurden.<br \/>\nZusammenfassend wurden vor allem Verst\u00f6\u00dfe gegen das Waffen- sowie Bet\u00e4ubungsmittelgesetz und Diebstahlsdelikte festgestellt. 36 Gegenst\u00e4nde und Beweismittel wurden aufgrund der vorangestellten Delikte sichergestellt.<\/p>\n<p>Innerhalb der Bev\u00f6lkerung haben die Einsatzkr\u00e4fte eine positive Resonanz wahrgenommen. Aber auch die Kontrollierten reagierten mit Verst\u00e4ndnis auf die Ma\u00dfnahmen.<\/p>\n<p>In jeweiligen Absprachen mit den beteiligten Institutionen werden solche Kontrollen regelm\u00e4\u00dfig durchgef\u00fchrt.<\/p>\n<p class=\"contact-headline\">R\u00fcckfragen bitte an:<\/p>\n<p class=\"contact-text\">Polizei Braunschweig<br \/>PI Braunschweig, \u00d6ffentlichkeitsarbeit<\/p>\n<p>Telefon: 0531\/476-3032, -3033 und 3034<br \/>E-Mail: <a href=\"https:\/\/www.presseportal.de\/blaulicht\/pm\/11554\/mailto:pressestelle@pi-bs.polizei.niedersachsen.de\" class=\"uri-mailto\" rel=\"nofollow noopener\" target=\"_blank\">pressestelle@pi-bs.polizei.niedersachsen.de<\/a><br \/><a target=\"_blank\" class=\"uri-ext outbound\" rel=\"noopener nofollow\" href=\"http:\/\/www.polizei-braunschweig.de\">http:\/\/www.polizei-braunschweig.de<\/a><\/p>\n<p class=\"originator\">Original-Content von: Polizei Braunschweig, \u00fcbermittelt durch news aktuell<\/p>\n","protected":false},"excerpt":{"rendered":"31.08.2026 \u2013 14:08 Polizei Braunschweig Braunschweig (ots) Braunschweig, \u00d6PNV 29.08.26, 14.00 &#8211; 22.00 Uhr Ende M\u00e4rz trat die&hellip;\n","protected":false},"author":2,"featured_media":1266941,"comment_status":"","ping_status":"","sticky":false,"template":"","format":"standard","meta":{"footnotes":"","_share_on_mastodon":"0"},"categories":[1850],"tags":[6429,3364,29,548,663,3934,30,13,177,14,15,5404,1411,121,178,180,179,181,12],"class_list":["post-1271790","post","type-post","status-publish","format-standard","has-post-thumbnail","category-braunschweig","tag-braunschweig","tag-de","tag-deutschland","tag-eu","tag-europa","tag-europe","tag-germany","tag-headlines","tag-kriminalitt","tag-nachrichten","tag-news","tag-ni","tag-niedersachsen","tag-polizei","tag-presse","tag-pressemeldung","tag-pressemitteilung","tag-pressemitteilungen","tag-schlagzeilen"],"share_on_mastodon":{"url":"https:\/\/pubeurope.com\/@de\/117190271141940186","error":""},"_links":{"self":[{"href":"https:\/\/www.europesays.com\/de\/wp-json\/wp\/v2\/posts\/1271790","targetHints":{"allow":["GET"]}}],"collection":[{"href":"https:\/\/www.europesays.com\/de\/wp-json\/wp\/v2\/posts"}],"about":[{"href":"https:\/\/www.europesays.com\/de\/wp-json\/wp\/v2\/types\/post"}],"author":[{"embeddable":true,"href":"https:\/\/www.europesays.com\/de\/wp-json\/wp\/v2\/users\/2"}],"replies":[{"embeddable":true,"href":"https:\/\/www.europesays.com\/de\/wp-json\/wp\/v2\/comments?post=1271790"}],"version-history":[{"count":0,"href":"https:\/\/www.europesays.com\/de\/wp-json\/wp\/v2\/posts\/1271790\/revisions"}],"wp:featuredmedia":[{"embeddable":true,"href":"https:\/\/www.europesays.com\/de\/wp-json\/wp\/v2\/media\/1266941"}],"wp:attachment":[{"href":"https:\/\/www.europesays.com\/de\/wp-json\/wp\/v2\/media?parent=1271790"}],"wp:term":[{"taxonomy":"category","embeddable":true,"href":"https:\/\/www.europesays.com\/de\/wp-json\/wp\/v2\/categories?post=1271790"},{"taxonomy":"post_tag","embeddable":true,"href":"https:\/\/www.europesays.com\/de\/wp-json\/wp\/v2\/tags?post=1271790"}],"curies":[{"name":"wp","href":"https:\/\/api.w.org\/{rel}","templated":true}]}}