{"id":1271791,"date":"2026-08-31T13:07:23","date_gmt":"2026-08-31T13:07:23","guid":{"rendered":"https:\/\/www.europesays.com\/de\/1271791\/"},"modified":"2026-08-31T13:07:23","modified_gmt":"2026-08-31T13:07:23","slug":"moenchengladbach-23-jaehriger-von-auto-touchiert-und-leicht-verletzt","status":"publish","type":"post","link":"https:\/\/www.europesays.com\/de\/1271791\/","title":{"rendered":"M\u00f6nchengladbach: 23-J\u00e4hriger von Auto touchiert und leicht verletzt"},"content":{"rendered":"<p class=\"text_ohne_einzug richtext text-em-55 !leading-serif mx-6 desktop:mx-0\"> Am Freitag, 28. August, ist es in Giesenkirchen-Mitte zu einer Verkehrsunfallflucht gekommen, bei der ein E-Scooter-Fahrer leicht verletzt wurde. Der 23-J\u00e4hrige war eigenen Angaben zufolge gegen 23.40 Uhr mit seinem <a href=\"https:\/\/rp-online.de\/thema\/e-scooter\/\" rel=\"nofollow noopener\" target=\"_blank\">E-Scooter<\/a> auf der Stra\u00dfe Bahner unterwegs, als er nach links in die Stra\u00dfe Blaffert abbiegen wollte.<\/p>\n<p class=\"richtext text-em-55 !leading-serif mx-6 desktop:mx-0\">Dazu sei er von dem Radweg auf die Fahrbahn gewechselt, wie die Polizie mitteilt. Dabei fuhr ein dunkles Auto an ihm vorbei und touchierte den Lenker des E-Scooters. Dadurch sei der 23-J\u00e4hrige gest\u00fcrzt. Der Autofahrer fuhr daraufhin weiter in Richtung Konstantinstra\u00dfe, ohne anzuhalten. Rettungskr\u00e4fte brachten den 23-J\u00e4hrigen leicht verletzt in ein Krankenhaus.<\/p>\n<p class=\"richtext text-em-55 !leading-serif mx-6 desktop:mx-0\">Bei dem Auto soll es sich Zeugenaussagen zufolge um eine dunkle Mercedes A-Klasse gehandelt haben. Weitere Zeugen, die den Unfall beobachtet haben, sowie der beteiligte Autofahrer bittet die <a href=\"https:\/\/rp-online.de\/thema\/polizei\/\" rel=\"nofollow noopener\" target=\"_blank\">Polizei<\/a>, sich unter der Rufnummer 02161 290 zu melden.<\/p>\n","protected":false},"excerpt":{"rendered":"Am Freitag, 28. August, ist es in Giesenkirchen-Mitte zu einer Verkehrsunfallflucht gekommen, bei der ein E-Scooter-Fahrer leicht verletzt&hellip;\n","protected":false},"author":2,"featured_media":1271792,"comment_status":"","ping_status":"","sticky":false,"template":"","format":"standard","meta":{"footnotes":"","_share_on_mastodon":"0"},"categories":[1849],"tags":[19250,513,6175,3364,29,548,663,3934,4731,35955,30,23163,13,4455,14,15,1209,12,4728,1284,18831,76699,5185,4996,47226],"class_list":["post-1271791","post","type-post","status-publish","format-standard","has-post-thumbnail","category-moenchengladbach","tag-abbiegen","tag-auto","tag-autofahrer","tag-de","tag-deutschland","tag-eu","tag-europa","tag-europe","tag-fahrer","tag-fuhr","tag-germany","tag-giesenkirchen","tag-headlines","tag-moenchengladbach","tag-nachrichten","tag-news","tag-nordrhein-westfalen","tag-schlagzeilen","tag-scooter","tag-unfall","tag-unterwegs","tag-verkehrsunfallflucht","tag-verletzt","tag-zeugen","tag-zeugenaussagen"],"share_on_mastodon":{"url":"https:\/\/pubeurope.com\/@de\/117190278908804996","error":""},"_links":{"self":[{"href":"https:\/\/www.europesays.com\/de\/wp-json\/wp\/v2\/posts\/1271791","targetHints":{"allow":["GET"]}}],"collection":[{"href":"https:\/\/www.europesays.com\/de\/wp-json\/wp\/v2\/posts"}],"about":[{"href":"https:\/\/www.europesays.com\/de\/wp-json\/wp\/v2\/types\/post"}],"author":[{"embeddable":true,"href":"https:\/\/www.europesays.com\/de\/wp-json\/wp\/v2\/users\/2"}],"replies":[{"embeddable":true,"href":"https:\/\/www.europesays.com\/de\/wp-json\/wp\/v2\/comments?post=1271791"}],"version-history":[{"count":0,"href":"https:\/\/www.europesays.com\/de\/wp-json\/wp\/v2\/posts\/1271791\/revisions"}],"wp:featuredmedia":[{"embeddable":true,"href":"https:\/\/www.europesays.com\/de\/wp-json\/wp\/v2\/media\/1271792"}],"wp:attachment":[{"href":"https:\/\/www.europesays.com\/de\/wp-json\/wp\/v2\/media?parent=1271791"}],"wp:term":[{"taxonomy":"category","embeddable":true,"href":"https:\/\/www.europesays.com\/de\/wp-json\/wp\/v2\/categories?post=1271791"},{"taxonomy":"post_tag","embeddable":true,"href":"https:\/\/www.europesays.com\/de\/wp-json\/wp\/v2\/tags?post=1271791"}],"curies":[{"name":"wp","href":"https:\/\/api.w.org\/{rel}","templated":true}]}}