{"id":1271797,"date":"2026-08-31T13:13:19","date_gmt":"2026-08-31T13:13:19","guid":{"rendered":"https:\/\/www.europesays.com\/de\/1271797\/"},"modified":"2026-08-31T13:13:19","modified_gmt":"2026-08-31T13:13:19","slug":"keine-chance-unter-kompany-ibrahimovic-sucht-sein-glueck-in-augsburg","status":"publish","type":"post","link":"https:\/\/www.europesays.com\/de\/1271797\/","title":{"rendered":"Keine Chance unter Kompany: Ibrahimovic sucht sein Gl\u00fcck in Augsburg"},"content":{"rendered":"<ol class=\"id-DonaldBreadcrumb lp_west_breadcrumb id-DonaldBreadcrumb--default\" data-k5a-pos=\"west_breadcrumb\">\n<li class=\"id-Breadcrumb-item\"><a href=\"https:\/\/www.merkur.de\/\" class=\"id-Breadcrumb-link\" data-id-ec=\"{\" shn=\"\" textlink=\"\" data-k5a-pos=\"1_startseite\" rel=\"nofollow noopener\" target=\"_blank\">Startseite<\/a><\/li>\n<li class=\"id-Breadcrumb-item\"><a href=\"https:\/\/www.merkur.de\/sport\/\" class=\"id-Breadcrumb-link\" data-id-ec=\"{\" shn=\"\" textlink=\"\" data-k5a-pos=\"2_sport\" rel=\"nofollow noopener\" target=\"_blank\">Sport<\/a><\/li>\n<li class=\"id-Breadcrumb-item\"><a href=\"https:\/\/www.merkur.de\/sport\/fc-bayern\/\" class=\"id-Breadcrumb-link\" data-id-ec=\"{\" shn=\"\" textlink=\"\" bayern=\"\" data-k5a-pos=\"3_fcBayern\" rel=\"nofollow noopener\" target=\"_blank\">FC Bayern<\/a><\/li>\n<\/ol>\n<p class=\"id-Story-timestamp id-Story-timestamp--default\">Stand: 31.08.2026, 15:02 Uhr<\/p>\n<p class=\"id-Story-authors id-Story-authors--default\">Von: <a class=\"id-Story-authors-link lp_west_author\" href=\"https:\/\/www.merkur.de\/autor\/lennart-fitzler-gu4f03g28.html\" title=\"Zur Autorenseite von Lennart Fitzler\" data-id-ec=\"{\" shn=\"\" author-link=\"\" fitzler=\"\" data-k5a-pos=\"west_author\" rel=\"nofollow noopener\" target=\"_blank\">Lennart Fitzler<\/a><\/p>\n<p class=\"id-Story-interactionBar id-Story-interactionBar--default\">DruckenTeilen<\/p>\n<p><a href=\"https:\/\/profile.google.com\/cp\/CgsvZy8xODdjY3p3choA\" class=\"id-Story-googleFollowButton id-Story-googleFollowButton--default\" target=\"_blank\" data-id-ec=\"{\" shn=\"\" google-follow=\"\" auf=\"\" google=\"\" folgen=\"\" rel=\"nofollow noopener\">Uns auf Google folgen<\/a><\/p>\n<p class=\"id-StoryElement-leadText\">Arijon Ibrahimovic verl\u00e4sst den FC Bayern und schlie\u00dft sich dem FC Augsburg an. Der Offensivspieler kommt per Leihe mit Kaufoption.<\/p>\n<p class=\"id-StoryElement-paragraph\">M\u00fcnchen\/Augsburg \u2013 Arijon Ibrahimovic und der <a href=\"https:\/\/www.absolutfussball.com\/deutschland\/fc-bayern-muenchen\/\" class=\"id-import-Link id-pageApi-Link--externalDomain\" title=\"FC Bayern M&#xFC;nchen\" data-id-ec=\"{&quot;sht&quot;:&quot;Container&quot;,&quot;shn&quot;:&quot;Story&quot;,&quot;p&quot;:{&quot;containerType&quot;:&quot;Paragraph&quot;,&quot;displayType&quot;:&quot;Paragraph InlineLink&quot;,&quot;type&quot;:&quot;INLINE_LINK&quot;,&quot;value&quot;:&quot;FC Bayern M&#xFC;nchen&quot;,&quot;variant&quot;:&quot;standardLink&quot;,&quot;sponsored&quot;:false,&quot;linkHref&quot;:&quot;https:\/\/www.absolutfussball.com\/deutschland\/fc-bayern-muenchen\/&quot;,&quot;storyElementPosition&quot;:8,&quot;storyElementCount&quot;:21}}\" rel=\"nofollow noopener\" target=\"_blank\">FC Bayern M\u00fcnchen<\/a> <a href=\"https:\/\/www.merkur.de\/sport\/fc-bayern\/jetzt-abstimmen-soll-der-fc-bayern-ibrahimovic-noch-abgeben-94467676.html\" class=\"id-import-Link\" data-id-ec=\"{&quot;sht&quot;:&quot;Container&quot;,&quot;shn&quot;:&quot;Story&quot;,&quot;p&quot;:{&quot;containerType&quot;:&quot;Paragraph&quot;,&quot;displayType&quot;:&quot;Paragraph InlineLink&quot;,&quot;type&quot;:&quot;INLINE_LINK&quot;,&quot;value&quot;:&quot;gehen vorerst getrennte Wege&quot;,&quot;variant&quot;:&quot;standardLink&quot;,&quot;sponsored&quot;:false,&quot;linkHref&quot;:&quot;https:\/\/www.merkur.de\/sport\/fc-bayern\/jetzt-abstimmen-soll-der-fc-bayern-ibrahimovic-noch-abgeben-94467676.html&quot;,&quot;storyElementPosition&quot;:8,&quot;storyElementCount&quot;:21}}\" rel=\"nofollow noopener\" target=\"_blank\">gehen vorerst getrennte Wege<\/a>. Der 20-J\u00e4hrige wechselt innerhalb der Bundesliga zum FC Augsburg. Die Fuggerst\u00e4dter <a href=\"https:\/\/www.merkur.de\/sport\/fc-bayern\/bayern-juwel-steht-nach-verlaengerung-wohl-vor-abschied-94461602.html\" class=\"id-import-Link\" data-id-ec=\"{&quot;sht&quot;:&quot;Container&quot;,&quot;shn&quot;:&quot;Story&quot;,&quot;p&quot;:{&quot;containerType&quot;:&quot;Paragraph&quot;,&quot;displayType&quot;:&quot;Paragraph InlineLink&quot;,&quot;type&quot;:&quot;INLINE_LINK&quot;,&quot;value&quot;:&quot;leihen den Offensivspieler f&#xFC;r eine Saison aus&quot;,&quot;variant&quot;:&quot;standardLink&quot;,&quot;sponsored&quot;:false,&quot;linkHref&quot;:&quot;https:\/\/www.merkur.de\/sport\/fc-bayern\/bayern-juwel-steht-nach-verlaengerung-wohl-vor-abschied-94461602.html&quot;,&quot;storyElementPosition&quot;:8,&quot;storyElementCount&quot;:21}}\" rel=\"nofollow noopener\" target=\"_blank\">leihen den Offensivspieler f\u00fcr eine Saison aus<\/a> und erhalten anschlie\u00dfend die M\u00f6glichkeit, ihn fest zu verpflichten. Die Kaufoption liegt nach Sky-Sport-Informationen bei acht Millionen Euro.<\/p>\n<p><img decoding=\"async\" class=\"id-RatioPlaceholder-element wv_story_el_image\" src=\"https:\/\/www.europesays.com\/de\/wp-content\/uploads\/2026\/08\/43918974-arijon-ibrahimovic-wird-nicht-laenger-mit-seinen-bayern-kollegen-auf-dem-feld-stehen-PnBG.j.jpeg\" loading=\"lazy\"   height=\"733\" width=\"1100\" alt=\"Arijon Ibrahimovic wird nicht l&#xE4;nger mit seinen Bayern-Kollegen auf dem Feld stehen.\"\/>Arijon Ibrahimovic (l. wird nicht l\u00e4nger mit seinen Bayern-Kollegen auf dem Feld stehen. \u00a9\u00a0picture alliance\/dpa\/ZUMA Press Wire | Jayne Russell<\/p>\n<p class=\"id-StoryElement-paragraph\">F\u00fcr Ibrahimovic endet damit der Versuch, sich dauerhaft beim deutschen Rekordmeister zu etablieren. In der Vorbereitung bekam er reichlich Gelegenheit, sich zu zeigen: In allen sechs Testspielen kam der Rechtsfu\u00df zum Einsatz und erzielte insgesamt drei Tore. In den ersten beiden Pflichtspielen blieb ihm allerdings nur die Zuschauerrolle.<\/p>\n<p>Ibrahimovic vor Abflug nach Augsburg<\/p>\n<p class=\"id-StoryElement-paragraph\">Sowohl beim 2:1 im Supercup bei <a href=\"https:\/\/www.absolutfussball.com\/deutschland\/borussia-dortmund\/\" class=\"id-import-Link id-pageApi-Link--externalDomain\" title=\"Borussia Dortmund\" data-id-ec=\"{&quot;sht&quot;:&quot;Container&quot;,&quot;shn&quot;:&quot;Story&quot;,&quot;p&quot;:{&quot;containerType&quot;:&quot;Paragraph&quot;,&quot;displayType&quot;:&quot;Paragraph InlineLink&quot;,&quot;type&quot;:&quot;INLINE_LINK&quot;,&quot;value&quot;:&quot;Borussia Dortmund&quot;,&quot;variant&quot;:&quot;standardLink&quot;,&quot;sponsored&quot;:false,&quot;linkHref&quot;:&quot;https:\/\/www.absolutfussball.com\/deutschland\/borussia-dortmund\/&quot;,&quot;storyElementPosition&quot;:14,&quot;storyElementCount&quot;:21}}\" rel=\"nofollow noopener\" target=\"_blank\">Borussia Dortmund<\/a> als auch beim 5:1 gegen den <a href=\"https:\/\/www.absolutfussball.com\/deutschland\/vfb-stuttgart\/\" class=\"id-import-Link id-pageApi-Link--externalDomain\" title=\"VfB Stuttgart\" data-id-ec=\"{&quot;sht&quot;:&quot;Container&quot;,&quot;shn&quot;:&quot;Story&quot;,&quot;p&quot;:{&quot;containerType&quot;:&quot;Paragraph&quot;,&quot;displayType&quot;:&quot;Paragraph InlineLink&quot;,&quot;type&quot;:&quot;INLINE_LINK&quot;,&quot;value&quot;:&quot;VfB Stuttgart&quot;,&quot;variant&quot;:&quot;standardLink&quot;,&quot;sponsored&quot;:false,&quot;linkHref&quot;:&quot;https:\/\/www.absolutfussball.com\/deutschland\/vfb-stuttgart\/&quot;,&quot;storyElementPosition&quot;:14,&quot;storyElementCount&quot;:21}}\" rel=\"nofollow noopener\" target=\"_blank\">VfB Stuttgart<\/a> zum Bundesliga-Auftakt sa\u00df Ibrahimovic \u00fcber die komplette Spielzeit auf der Bank. Trainer Vincent Kompany hatte ihn zuvor im Sturmzentrum und auf den Au\u00dfenbahnen eingesetzt. Eine dauerhafte Rolle im Bayern-Kader konnte er sich dennoch nicht erarbeiten.<\/p>\n<p>Absolut Bayern &#8211; der Newsletter \u26bd<img decoding=\"async\" class=\"id-RatioPlaceholder-element wv_story_el_image\" src=\"https:\/\/www.europesays.com\/de\/wp-content\/uploads\/2026\/08\/43458760-der-absolut-bayern-newsletter-ein-muss-fuer-fcb-fans-2v7a.jpg\" loading=\"lazy\"   height=\"792\" width=\"1408\" alt=\"Der &#x201E;Absolut Bayern-Newsletter&#x201C; - ein Muss f&#xFC;r FCB-Fans\"\/>Der \u201eAbsolut Bayern-Newsletter\u201c &#8211; ein Muss f\u00fcr FCB-Fans \u00a9\u00a0Plietsch\/Imago<\/p>\n<p class=\"id-StoryElement-factBox-paragraph\"><strong>Seien Sie n\u00e4her am FC Bayern dran als je zuvor! <\/strong>Unser FCB-Newsletter versorgt Sie mit den wichtigsten News, liefert Ihnen <strong>Videos, Reportagen und exklusive Interviews<\/strong> direkt und ganz bequem in Ihr Postfach.<\/p>\n<p class=\"id-StoryElement-factBox-paragraph\">Jetzt den kostenlosen Newsletter abonnieren und Teil der FCB-Community werden. So bleiben Sie immer auf dem Laufenden!<\/p>\n<p class=\"id-StoryElement-factBox-paragraph\"><strong>Sind Sie dabei?<\/strong><\/p>\n<p class=\"id-StoryElement-factBox-paragraph\"><a href=\"https:\/\/www.absolutfussball.com\/sso\/register?redirect_uri=https:\/\/accounts.user.id\/account\/newsletter\/subscribe\/SKU-00001621&amp;source=mt_newsletter-promoartikel_web\" target=\"_blank\" class=\"id-import-Link--action id-pageApi-Link--externalDomain\" data-id-ec=\"{&quot;sht&quot;:&quot;Container&quot;,&quot;shn&quot;:&quot;Story&quot;,&quot;p&quot;:{&quot;containerType&quot;:&quot;FactBox&quot;,&quot;displayType&quot;:&quot;FactBox InlineLink&quot;,&quot;type&quot;:&quot;INLINE_LINK&quot;,&quot;value&quot;:&quot;HIER geht&#x2018;s direkt zur Anmeldung&quot;,&quot;variant&quot;:&quot;callToAction&quot;,&quot;sponsored&quot;:false,&quot;linkHref&quot;:&quot;https:\/\/www.absolutfussball.com\/sso\/register?redirect_uri=https:\/\/accounts.user.id\/account\/newsletter\/subscribe\/SKU-00001621&amp;source=mt_newsletter-promoartikel_web&quot;,&quot;storyElementPosition&quot;:15,&quot;storyElementCount&quot;:21}}\" data-id-av=\"{&quot;sht&quot;:&quot;Container&quot;,&quot;shn&quot;:&quot;Story&quot;,&quot;p&quot;:{&quot;containerType&quot;:&quot;FactBox&quot;,&quot;displayType&quot;:&quot;FactBox InlineLink&quot;,&quot;type&quot;:&quot;INLINE_LINK&quot;,&quot;value&quot;:&quot;HIER geht&#x2018;s direkt zur Anmeldung&quot;,&quot;variant&quot;:&quot;callToAction&quot;,&quot;sponsored&quot;:false,&quot;linkHref&quot;:&quot;https:\/\/www.absolutfussball.com\/sso\/register?redirect_uri=https:\/\/accounts.user.id\/account\/newsletter\/subscribe\/SKU-00001621&amp;source=mt_newsletter-promoartikel_web&quot;,&quot;storyElementPosition&quot;:15,&quot;storyElementCount&quot;:21}}\" rel=\"nofollow noopener\">HIER geht\u2018s direkt zur Anmeldung<\/a><\/p>\n<p class=\"id-StoryElement-paragraph\">Dabei war Ibrahimovic zun\u00e4chst durchaus als Alternative f\u00fcr Luis Diaz vorgesehen. Sein Vertrag in M\u00fcnchen wurde im Sommer sogar bis 2028 verl\u00e4ngert. Doch die Verantwortlichen \u00e4nderten ihre Einsch\u00e4tzung. Sportvorstand Max Eberl erkl\u00e4rte am Donnerstag: \u201eKann man merken, dass es f\u00fcr ihn ein St\u00fcck weit schwerer werden k\u00f6nnte\u201c.<\/p>\n<p>Bayern-Star als gro\u00dfer Gewinner: Die 25 wertvollsten Spieler der Bundesliga<img decoding=\"async\" class=\"id-RatioPlaceholder-element wv_story_el_interstitialImage\" src=\"https:\/\/www.europesays.com\/de\/wp-content\/uploads\/2026\/08\/40078398-michael-olise-und-jamal-musiala-sind-die-wertvollsten-spieler-der-fussballbundesliga-2JfJIf.jpeg\" loading=\"lazy\"   height=\"2667\" width=\"4000\" alt=\"Michael Olise und Jamal Musiala sind die wertvollsten Spieler der 1. Fu&#xDF;ball&#x2013;Bundesliga.\"\/><a href=\"https:\/\/www.merkur.de\/sport\/fussball\/die-30-wertvollsten-spieler-der-bundesliga-zr-93986066.html\" class=\"id-StoryElement-intestitialLink-link\" data-id-ec=\"{\" shn=\"\" ansehen=\"\" data-k5a-pos=\"west_story_17_photoGalleryLink\" title=\"Zur Fotostrecke: Bayern-Star als gro&#xDF;er Gewinner: Die 25 wertvollsten Spieler der Bundesliga\" rel=\"nofollow noopener\" target=\"_blank\">Fotostrecke ansehen<\/a><\/p>\n<p class=\"id-StoryElement-paragraph\">Der FCA zahlt f\u00fcr die Leihe 500.000 Euro. Eine R\u00fcckkaufoption zugunsten der Bayern wurde nicht vereinbart, stattdessen sicherte sich der Rekordmeister eine Weiterverkaufsbeteiligung. Den Medizincheck soll Ibrahimovic am Montagnachmittag (31. August) absolvieren. Bei erfolgreichem Abschluss k\u00f6nnte er schon im Saisonverlauf gegen seinen bisherigen Klub antreten.<\/p>\n<p class=\"id-StoryElement-paragraph\">In Augsburg trifft der N\u00fcrnberger auf Mert K\u00f6m\u00fcr und Anton Kade aus der deutschen U-21. Besonders Kade machte beim 3:0 gegen <a href=\"https:\/\/www.absolutfussball.com\/deutschland\/fc-schalke-04\/\" class=\"id-import-Link id-pageApi-Link--externalDomain\" title=\"FC Schalke 04\" data-id-ec=\"{&quot;sht&quot;:&quot;Container&quot;,&quot;shn&quot;:&quot;Story&quot;,&quot;p&quot;:{&quot;containerType&quot;:&quot;Paragraph&quot;,&quot;displayType&quot;:&quot;Paragraph InlineLink&quot;,&quot;type&quot;:&quot;INLINE_LINK&quot;,&quot;value&quot;:&quot;Schalke&quot;,&quot;variant&quot;:&quot;standardLink&quot;,&quot;sponsored&quot;:false,&quot;linkHref&quot;:&quot;https:\/\/www.absolutfussball.com\/deutschland\/fc-schalke-04\/&quot;,&quot;storyElementPosition&quot;:21,&quot;storyElementCount&quot;:21}}\" rel=\"nofollow noopener\" target=\"_blank\">Schalke<\/a> zuletzt mit einem Tor und einer Vorlage auf sich aufmerksam. Der FCA plant derweil weitere Ver\u00e4nderungen: Kristijan Jakic ist f\u00fcr Gespr\u00e4che freigestellt, bei Alexis Claude-Maurice ist ebenfalls Bewegung m\u00f6glich. Abwehrtalent Juma Bah soll zudem von Manchester City ausgeliehen werden. (LF)<\/p>\n","protected":false},"excerpt":{"rendered":"Startseite Sport FC Bayern Stand: 31.08.2026, 15:02 Uhr Von: Lennart Fitzler DruckenTeilen Uns auf Google folgen Arijon Ibrahimovic&hellip;\n","protected":false},"author":2,"featured_media":1271798,"comment_status":"","ping_status":"","sticky":false,"template":"","format":"standard","meta":{"footnotes":"","_share_on_mastodon":"0"},"categories":[1846],"tags":[680,772,3364,29,548,663,3934,30,13,14,15,12],"class_list":["post-1271797","post","type-post","status-publish","format-standard","has-post-thumbnail","category-augsburg","tag-augsburg","tag-bayern","tag-de","tag-deutschland","tag-eu","tag-europa","tag-europe","tag-germany","tag-headlines","tag-nachrichten","tag-news","tag-schlagzeilen"],"share_on_mastodon":{"url":"https:\/\/pubeurope.com\/@de\/117190306555919920","error":""},"_links":{"self":[{"href":"https:\/\/www.europesays.com\/de\/wp-json\/wp\/v2\/posts\/1271797","targetHints":{"allow":["GET"]}}],"collection":[{"href":"https:\/\/www.europesays.com\/de\/wp-json\/wp\/v2\/posts"}],"about":[{"href":"https:\/\/www.europesays.com\/de\/wp-json\/wp\/v2\/types\/post"}],"author":[{"embeddable":true,"href":"https:\/\/www.europesays.com\/de\/wp-json\/wp\/v2\/users\/2"}],"replies":[{"embeddable":true,"href":"https:\/\/www.europesays.com\/de\/wp-json\/wp\/v2\/comments?post=1271797"}],"version-history":[{"count":0,"href":"https:\/\/www.europesays.com\/de\/wp-json\/wp\/v2\/posts\/1271797\/revisions"}],"wp:featuredmedia":[{"embeddable":true,"href":"https:\/\/www.europesays.com\/de\/wp-json\/wp\/v2\/media\/1271798"}],"wp:attachment":[{"href":"https:\/\/www.europesays.com\/de\/wp-json\/wp\/v2\/media?parent=1271797"}],"wp:term":[{"taxonomy":"category","embeddable":true,"href":"https:\/\/www.europesays.com\/de\/wp-json\/wp\/v2\/categories?post=1271797"},{"taxonomy":"post_tag","embeddable":true,"href":"https:\/\/www.europesays.com\/de\/wp-json\/wp\/v2\/tags?post=1271797"}],"curies":[{"name":"wp","href":"https:\/\/api.w.org\/{rel}","templated":true}]}}