{"id":1271799,"date":"2026-08-31T13:15:23","date_gmt":"2026-08-31T13:15:23","guid":{"rendered":"https:\/\/www.europesays.com\/de\/1271799\/"},"modified":"2026-08-31T13:15:23","modified_gmt":"2026-08-31T13:15:23","slug":"163-tempoverstoesse-bei-poser-kontrolle-in-mannheim-mannheim","status":"publish","type":"post","link":"https:\/\/www.europesays.com\/de\/1271799\/","title":{"rendered":"163 Tempoverst\u00f6\u00dfe bei Poser-Kontrolle in Mannheim &#8211; Mannheim"},"content":{"rendered":"<p class=\"rhp-dpa-teaser\"><b>Bei einer Kontrolle gegen die Poser- und Tuningszene in Mannheim wurden 158 Fahrzeuge \u00fcberpr\u00fcft. Drei Autos wurden sichergestellt, 163 Tempoverst\u00f6\u00dfe registriert.<\/b><\/p>\n<p>Bei einer erneuten Kontrollaktion gegen die Poser- und Tuningszene in der Mannheimer Innenstadt haben Polizei und st\u00e4dtischer Ordnungsdienst am Freitagabend zahlreiche Verst\u00f6\u00dfe festgestellt. Drei Fahrzeuge wurden sichergestellt, sechs Verkehrsteilnehmer durften wegen technischer M\u00e4ngel nicht weiterfahren.<\/p>\n<p class=\"rhp-teaser\"><b>Bei einer Kontrolle gegen die Poser- und Tuningszene in Mannheim wurden 158 Fahrzeuge \u00fcberpr\u00fcft. Drei Autos wurden sichergestellt, 163 Tempoverst\u00f6\u00dfe registriert.<\/b><\/p>\n","protected":false},"excerpt":{"rendered":"Bei einer Kontrolle gegen die Poser- und Tuningszene in Mannheim wurden 158 Fahrzeuge \u00fcberpr\u00fcft. Drei Autos wurden sichergestellt,&hellip;\n","protected":false},"author":2,"featured_media":1271800,"comment_status":"","ping_status":"","sticky":false,"template":"","format":"standard","meta":{"footnotes":"","_share_on_mastodon":"0"},"categories":[1845],"tags":[1634,3364,29,548,663,3934,30,13,2096,14,15,121,12,9551,111899],"class_list":["post-1271799","post","type-post","status-publish","format-standard","has-post-thumbnail","category-mannheim","tag-baden-wuerttemberg","tag-de","tag-deutschland","tag-eu","tag-europa","tag-europe","tag-germany","tag-headlines","tag-mannheim","tag-nachrichten","tag-news","tag-polizei","tag-schlagzeilen","tag-tempoverstoss","tag-web"],"share_on_mastodon":{"url":"","error":""},"_links":{"self":[{"href":"https:\/\/www.europesays.com\/de\/wp-json\/wp\/v2\/posts\/1271799","targetHints":{"allow":["GET"]}}],"collection":[{"href":"https:\/\/www.europesays.com\/de\/wp-json\/wp\/v2\/posts"}],"about":[{"href":"https:\/\/www.europesays.com\/de\/wp-json\/wp\/v2\/types\/post"}],"author":[{"embeddable":true,"href":"https:\/\/www.europesays.com\/de\/wp-json\/wp\/v2\/users\/2"}],"replies":[{"embeddable":true,"href":"https:\/\/www.europesays.com\/de\/wp-json\/wp\/v2\/comments?post=1271799"}],"version-history":[{"count":0,"href":"https:\/\/www.europesays.com\/de\/wp-json\/wp\/v2\/posts\/1271799\/revisions"}],"wp:featuredmedia":[{"embeddable":true,"href":"https:\/\/www.europesays.com\/de\/wp-json\/wp\/v2\/media\/1271800"}],"wp:attachment":[{"href":"https:\/\/www.europesays.com\/de\/wp-json\/wp\/v2\/media?parent=1271799"}],"wp:term":[{"taxonomy":"category","embeddable":true,"href":"https:\/\/www.europesays.com\/de\/wp-json\/wp\/v2\/categories?post=1271799"},{"taxonomy":"post_tag","embeddable":true,"href":"https:\/\/www.europesays.com\/de\/wp-json\/wp\/v2\/tags?post=1271799"}],"curies":[{"name":"wp","href":"https:\/\/api.w.org\/{rel}","templated":true}]}}