{"id":1271805,"date":"2026-08-31T13:21:27","date_gmt":"2026-08-31T13:21:27","guid":{"rendered":"https:\/\/www.europesays.com\/de\/1271805\/"},"modified":"2026-08-31T13:21:27","modified_gmt":"2026-08-31T13:21:27","slug":"kartoffeln-werden-teurer-trockenheit-trifft-nrw-landwirte","status":"publish","type":"post","link":"https:\/\/www.europesays.com\/de\/1271805\/","title":{"rendered":"Kartoffeln werden teurer \u2013 Trockenheit trifft NRW-Landwirte"},"content":{"rendered":"<p>Kleinere Knollen, Kosten f\u00fcr k\u00fcnstlichen Regen und auch eine kleinere Anbaufl\u00e4che: Die extreme Trockenheit in diesem Sommer wird Kartoffeln verteuern. Davon gehen die Landwirtschaftskammer NRW und das NRW-Landwirtschaftsministerium in einer ersten Einsch\u00e4tzung aus. Allerdings m\u00fcssten die Verbraucher aktuell nicht mit enormen Preissteigerungen infolge der Trockenheit bei Kartoffeln oder anderen Agrarerzeugnissen rechnen.\u00a0 <\/p>\n<p>\u201eWir rechnen nicht damit, dass der Verbraucher da besonders belastet werden wird\u201c, sagte Landwirtschaftsministerin Silke Gori\u00dfen (CDU) bei der Vorstellung der vorl\u00e4ufigen Erntebilanz. Die weitere Entwicklung auf den internationalen M\u00e4rkten bleibe abzuwarten. W\u00e4hrend das Getreide glimpflich durch die Saison gekommen sei, seien bei den sp\u00e4ter zu erntenden Kulturen wie Mais, Kartoffeln und Zuckerr\u00fcben gr\u00f6\u00dfere Auswirkungen der Trockenheit zu erwarten.\u00a0 <\/p>\n<p>Kammerpr\u00e4sident Karl Werring wies ebenfalls darauf hin, dass der Weltmarkt bei vielen Agrarzeugnissen starken Einfluss habe und die weitere Preisentwicklung schwer vorauszusagen sei. Bei Getreide seien die Transportkosten zwar weltweit und auch hierzulande durch das Niedrigwasser des Rheins gestiegen. Bei verarbeiteten Lebensmitteln wie einem Br\u00f6tchen mache aber Getreide nur einen sehr kleinen Teil des Verkaufspreises aus.\u00a0 <\/p>\n<p>Die Obsternte falle in NRW \u00fcberwiegend gut aus. So wird bei \u00c4pfeln mit einer guten Ernte gerechnet. Werring appellierte, auch \u00c4pfel zu kaufen, die durch Hagel kleine braune Stellen bekommen haben. Der Apfel schmecke trotzdem. Auch bei Zwetschen werde mit einer guten Ernte gerechnet. Er kritisierte den Umfang von Importen durch den Handel, obwohl hierzulande die Ernte laufe. Die Freiland-Erdbeerernte sei etwas hinter den Erwartungen zur\u00fcckgeblieben. <\/p>\n<p>          &#13;<br \/>\n            <img decoding=\"async\"   src=\"https:\/\/www.europesays.com\/de\/wp-content\/uploads\/2026\/08\/Verbraucherinnen-und-Verbraucher-werden-wohl-mehr-fuer-1169238.jpg\" title=\"Kartoffeln werden teurer \u2013 Trockenheit trifft NRW-Landwirte \" alt=\"Verbraucherinnen und Verbraucher werden wohl mehr f\u00fcr Kartoffeln ausgeben m\u00fcssen.Frank Hammerschmidt\/dpa\" class=\"img-responsive\"\/>&#13;<br \/>\n            &#13;<\/p>\n<p class=\"image-caption\">Verbraucherinnen und Verbraucher werden wohl mehr f\u00fcr Kartoffeln ausgeben m\u00fcssen.Frank Hammerschmidt\/dpa <\/p>\n<p>&#13;<\/p>\n<p class=\"image-credit\">&#13;<br \/>\n\t\t\t\t\t\t\t\u00a9 Frank Hammerschmidt\/dpa<\/p>\n<p>&#13;<br \/>\n            &#13;<\/p>\n<p>          &#13;<br \/>\n            <img decoding=\"async\"   src=\"https:\/\/www.europesays.com\/de\/wp-content\/uploads\/2026\/08\/Agrarministerin-Silke-Gorissen-CDU-laesst-sich-den-Einsatz-1169239.jpg\" title=\"Kartoffeln werden teurer \u2013 Trockenheit trifft NRW-Landwirte \" alt=\"Agrarministerin Silke Gori\u00dfen (CDU)  l\u00e4sst sich den Einsatz von KI zur Erforschung und Verbesserung des Apfelanbaus erkl\u00e4ren. (Archivbild)Benjamin Westhoff\/dpa\" class=\"img-responsive\"\/>&#13;<br \/>\n            &#13;<\/p>\n<p class=\"image-caption\">Agrarministerin Silke Gori\u00dfen (CDU)  l\u00e4sst sich den Einsatz von KI zur Erforschung und Verbesserung des Apfelanbaus erkl\u00e4ren. (Archivbild)Benjamin Westhoff\/dpa <\/p>\n<p>&#13;<\/p>\n<p class=\"image-credit\">&#13;<br \/>\n\t\t\t\t\t\t\t\u00a9 Benjamin Westhoff\/dpa<\/p>\n<p>&#13;<br \/>\n            &#13;<\/p>\n","protected":false},"excerpt":{"rendered":"Kleinere Knollen, Kosten f\u00fcr k\u00fcnstlichen Regen und auch eine kleinere Anbaufl\u00e4che: Die extreme Trockenheit in diesem Sommer wird&hellip;\n","protected":false},"author":2,"featured_media":1271806,"comment_status":"","ping_status":"","sticky":false,"template":"","format":"standard","meta":{"footnotes":"","_share_on_mastodon":"0"},"categories":[1843],"tags":[36814,3364,29,30,702,8970,1209,828,1973],"class_list":["post-1271805","post","type-post","status-publish","format-standard","has-post-thumbnail","category-muenster","tag-agrar","tag-de","tag-deutschland","tag-germany","tag-lebensmittel","tag-muenster","tag-nordrhein-westfalen","tag-preis","tag-wetter"],"share_on_mastodon":{"url":"https:\/\/pubeurope.com\/@de\/117190337004736904","error":""},"_links":{"self":[{"href":"https:\/\/www.europesays.com\/de\/wp-json\/wp\/v2\/posts\/1271805","targetHints":{"allow":["GET"]}}],"collection":[{"href":"https:\/\/www.europesays.com\/de\/wp-json\/wp\/v2\/posts"}],"about":[{"href":"https:\/\/www.europesays.com\/de\/wp-json\/wp\/v2\/types\/post"}],"author":[{"embeddable":true,"href":"https:\/\/www.europesays.com\/de\/wp-json\/wp\/v2\/users\/2"}],"replies":[{"embeddable":true,"href":"https:\/\/www.europesays.com\/de\/wp-json\/wp\/v2\/comments?post=1271805"}],"version-history":[{"count":0,"href":"https:\/\/www.europesays.com\/de\/wp-json\/wp\/v2\/posts\/1271805\/revisions"}],"wp:featuredmedia":[{"embeddable":true,"href":"https:\/\/www.europesays.com\/de\/wp-json\/wp\/v2\/media\/1271806"}],"wp:attachment":[{"href":"https:\/\/www.europesays.com\/de\/wp-json\/wp\/v2\/media?parent=1271805"}],"wp:term":[{"taxonomy":"category","embeddable":true,"href":"https:\/\/www.europesays.com\/de\/wp-json\/wp\/v2\/categories?post=1271805"},{"taxonomy":"post_tag","embeddable":true,"href":"https:\/\/www.europesays.com\/de\/wp-json\/wp\/v2\/tags?post=1271805"}],"curies":[{"name":"wp","href":"https:\/\/api.w.org\/{rel}","templated":true}]}}