{"id":1271811,"date":"2026-08-31T13:27:17","date_gmt":"2026-08-31T13:27:17","guid":{"rendered":"https:\/\/www.europesays.com\/de\/1271811\/"},"modified":"2026-08-31T13:27:17","modified_gmt":"2026-08-31T13:27:17","slug":"vom-sofa-ins-spitzenrestaurant-so-einfach-geht-das-mit-dem-ferienpraktikum-in-bielefeld","status":"publish","type":"post","link":"https:\/\/www.europesays.com\/de\/1271811\/","title":{"rendered":"Vom Sofa ins Spitzenrestaurant \u2013 so einfach geht das mit dem Ferienpraktikum in Bielefeld"},"content":{"rendered":"<p id=\"absatz1\" class=\"em_text\">Bielefeld. Ein Praktikum in den Ferien? Die meisten Sch\u00fclerinnen und Sch\u00fcler werden dankend abwinken. Aber was, wenn man ohne gro\u00dfes Ged\u00f6ns an die passenden Firmen kommen k\u00f6nnte, quasi im Speeddating-Modus vom Sofa aus? Und damit vielleicht einen kleinen Einblick gewinnt, wie es nach der Schulzeit weitergehen k\u00f6nnte. In den Sommerferien gab es dazu wieder Gelegenheit: bei den \u201ePraktikumswochen NRW\u201c. Ein Format, das aus Sicht des bekannten Bielefelder Gastronoms Silvio Eberlein noch viel zu unbekannt ist.<\/p>\n<p id=\"absatz2\" class=\"em_text\">Er ist bereits im zweiten Jahr mit seinem Gasthaus Buschkamp und der Auberge le Concarneau in Bielefeld-Senne mit dabei. Allein in den nun zu Ende gehenden Ferien hat er zehn jungen Leuten die M\u00f6glichkeit gegeben, in die K\u00fcche seiner Spitzengastronomie und in den Restaurant-Service hineinzuschnuppern. Eberlein lobt das Modellprojekt und das Portal, das Betriebe und motivierte Jugendliche ab 15 Jahren ganz einfach, mit niedriger Hemmschwelle, zusammenbringt.<\/p>\n<p id=\"absatz3\" class=\"em_text\">So wie den 17-j\u00e4hrigen Ruben Kotthoff, Oberstufensch\u00fcler des Max-Planck-Gymnasiums. In der Schule sei das Schnupperangebot vorgestellt worden. Er kommt nach den Ferien in die Jahrgangsstufe 12, hat also noch Zeit, aber auch noch keine so richtige Ahnung, was danach kommen soll. Ein Studium muss es nach seinen Worten aber nicht unbedingt sein.<\/p>\n<p>Nur wenige Angaben im Portal verhelfen zum Praktikumsbetrieb<\/p>\n<p>        <a href=\"https:\/\/www.nw.de\/_em_daten\/_cache\/image\/1xWGlWRFliMUxqRHUyYTV1S2Zxc05SQWFMRWVHYVZXdFRjdXpHSjl2U0JscHNDU0hWaG1UQTRRN0UvTlRGUncxUW1Jek9HQzJFSmVBaXVxOXI1aDg3UkE9PQ\/260831-1517-923396672.jpg\" class=\"nw-article-image\" title=\"Sie werben f\u00fcr das Modellprojekt \" praktikumswochen=\"\" regina=\"\" ester=\"\" v.=\"\" l.=\"\" sch=\"\" ruben=\"\" kotthoff=\"\" gastronom=\"\" silvio=\"\" eberlein=\"\" julia=\"\" kleemann=\"\" und=\"\" ute=\"\" horstk=\"\" data-glightbox=\"type: image; description: Sie werben f\u00fcr das Modellprojekt &quot;Praktikumswochen&quot;: Regina Ester (Rege, v. l.), Sch\u00fcler Ruben Kotthoff, Gastronom Silvio Eberlein, Julia Kleemann (Rege) und Ute Horstk\u00f6tter-Starke (IHK).  | \u00a9 Peter Unger \" rel=\"nofollow noopener\" target=\"_blank\"><br \/>\n            <img decoding=\"async\" src=\"https:\/\/www.europesays.com\/de\/wp-content\/uploads\/2026\/08\/260831-1517-923396672.jpg\" class=\"nw-img-fluid nw-w-full nw-lazy nw-rounded-t-md\" alt=\"Sie werben f\u00fcr das Modellprojekt &quot;Praktikumswochen&quot;: Regina Ester (Rege, v. l.), Sch\u00fcler Ruben Kotthoff, Gastronom Silvio Eberlein, Julia Kleemann (Rege) und Ute Horstk\u00f6tter-Starke (IHK). - \u00a9 Peter Unger\" data-format=\"16:9\"\/><br \/>\n        <\/a><\/p>\n<p>                Sie werben f\u00fcr das Modellprojekt &#8222;Praktikumswochen&#8220;: Regina Ester (Rege, v. l.), Sch\u00fcler Ruben Kotthoff, Gastronom Silvio Eberlein, Julia Kleemann (Rege) und Ute Horstk\u00f6tter-Starke (IHK).<br \/>\n                                    | \u00a9 Peter Unger<\/p>\n<p id=\"absatz5\" class=\"em_text\">Also hat er sich angemeldet, einige Berufsfelder angegeben, den Radius, in dem die Betriebe liegen sollten, damit er sie noch gut erreichen kann, den Zeitraum, wann er Lust hat, dazu noch ein bisschen was \u00fcber seine Interessen und seine Motivation geschrieben. Und zack, hatte das System ihn mit Betrieben gematcht, die zu seinen W\u00fcnschen passen.<\/p>\n<p>\n        \u00d7\n    <\/p>\n<p>\n            Sie erhalten in wenigen Minuten eine E-Mail zur Best\u00e4tigung Ihrer Anmeldung.\n        <\/p>\n<p>Erst danach ist diese abgeschlossen.<\/p>\n<p>Bitte pr\u00fcfen Sie auch den Spam-Ordner.<\/p>\n<p>\n        \u00d7\n    <\/p>\n<p>\n            Sie haben bisher Ihre E-Mail-Adresse noch nicht best\u00e4tigt.\n        <\/p>\n<p>Erst danach ist diese abgeschlossen.<\/p>\n<p>Bitte pr\u00fcfen Sie auch den Spam-Ordner.<\/p>\n<p>\n        \u00d7\n    <\/p>\n<p>\n            Es ist einen Fehler aufgetreten\n        <\/p>\n<p>Bei Fragen hilft unser Newsletter-Support<\/p>\n<p> Newsletter<\/p>\n<p> Wirtschaft <\/p>\n<p>W\u00f6chentlich die neuesten Wirtschaftsthemen und Entwicklungen aus OWL.<\/p>\n<p>                Jetzt anmelden<\/p>\n<p id=\"absatz6\" class=\"em_text\">Silvio Eberleins Angebot findet sich in der Rubrik \u201eLebensmittelherstellung und Verkauf\u201c. Ruben hat jetzt vier Praktikumstage in zwei verschiedenen Bereichen angenommen. Nach dem Probetag <a href=\"https:\/\/museumshof-senne.de\/\" rel=\"noopener nofollow\" target=\"_blank\">im Gasthaus Buschkamp<\/a> ist er unter anderem auch noch bei Eberleins Gastrokollegen im \u201eTomatissimo\u201c. \u201eIch k\u00f6nnte mir durchaus Berufe wie Koch, Konditor oder B\u00e4cker vorstellen\u201c, sagt der 17-J\u00e4hrige.<\/p>\n<p id=\"absatz7\" class=\"em_text\">\u201eDas Handwerk kann wenigstens nicht von der KI ersetzt werden\u201c, meint der junge Mann. Sicher ein Punkt, aber dar\u00fcber solle er sich zu viel Gedanken machen, betont Ute Horstk\u00f6tter-Starke, Gesch\u00e4ftsf\u00fchrerin Berufliche Bildung der IHK Ostwestfalen. \u201eEs wird noch genug Arbeit \u00fcbrig bleiben\u201c, so ihre Einsch\u00e4tzung.<\/p>\n<p>Praktikanten sollen mitmachen d\u00fcrfen, nicht nur zugucken<\/p>\n<p id=\"absatz8\" class=\"em_text\">Sechs Stunden nehmen sich Eberlein und sein Team an diesem Mittwoch Zeit, Ruben Einblicke in den Beruf des Kochs zu geben. Dabei kann er auch mittun, nicht nur zugucken. F\u00fcr den Restaurant-Inhaber ein ganz wesentlicher Punkt. Er bildet bereits seit Jahrzehnten aus und wei\u00df, wovon er spricht.<\/p>\n<p id=\"absatz9\" class=\"em_text\">Nach seiner Erfahrung haben die Jugendliche in den vergangenen Jahren immer weniger Wissen dar\u00fcber, wie einzelne Berufsbilder aussehen und was diese mit sich bringen. Darum gibt es f\u00fcr Ruben eine Mappe, in der die Basics \u00fcber Gastro, K\u00fcche und notwendigem Teamgeist sp\u00e4ter noch einmal in Ruhe nachzulesen sind, ebenso die Grundbegriffe des Metiers, die \u00fcberwiegend in Franz\u00f6sisch sind.<\/p>\n<p id=\"absatz10\" class=\"em_text\">\u201eJa, das kostet Arbeit, Zeit und Vorbereitung\u201c, r\u00e4umt Eberlein ein. Aber es sei eine gute Gelegenheit, junge Menschen f\u00fcr die Arbeit in der K\u00fcche und im Service zu begeistern. Darum hat er auch gerade bei einem Treffen der Dehoga, des Dachverbandes des Hotel- und Gastst\u00e4ttengewerbes, f\u00fcr die<a href=\"https:\/\/praktikumswoche.de\/regionen\/nrw\" rel=\"noopener nofollow\" target=\"_blank\"> \u201ePraktikumswochen NRW\u201c<\/a> geworben.<\/p>\n<p>Berufsorientierung in allen Ferien das ganze Jahr \u00fcber<\/p>\n<p id=\"absatz11\" class=\"em_text\">Die M\u00f6glichkeit der Berufsorientierung besteht dabei nicht nur im Sommer, sondern in allen Ferienzeiten, betont Julia Kleemann, Mitarbeiterin der Rege, der Regionalen Personalentwicklungsgesellschaft. Und die jungen Leute k\u00f6nnten bei Betrieben in ganz NRW reinschnuppern. Von einem bis f\u00fcnf Tagen ist alles m\u00f6glich \u2013 flexibel angepasst. Finanziert wird das dreij\u00e4hrige Modellprojekt, hinter dem ein breites Netzwerk steht, vom NRW-Wirtschaftsministerium.<\/p>\n<p id=\"absatz12\" class=\"em_text\">In Bielefeld haben sich in diesem Sommerferien 75 Jugendliche f\u00fcr ein Praktikum interessiert. Zehn Unternehmen haben mitgemacht. Wegen der \u00fcberschaubaren Zahl sind letztlich nur 22 Matches zustande gekommen. Deshalb w\u00fcrden sich die Organisatoren freuen, wenn die Ferien-Praktikumswochen bei den Betrieben auf noch mehr Interesse sto\u00dfen w\u00fcrde. Die Kurzpraktika k\u00f6nnten schlie\u00dflich auch den Grundstein f\u00fcr ein l\u00e4ngeres Praktikum oder sogar eine Ausbildung legen, unterstreicht Kleemann.<\/p>\n<p id=\"absatz13\">\ud83d\udcf1\u00a0<b class=\"TextRun SCXW23387577 BCX0 NormalTextRun SCXW23387577 BCX0 bold\">News direkt aufs Smartphone:<\/b><b class=\"TextRun SCXW23387577 BCX0 NormalTextRun SCXW23387577 BCX0 bold\"> <\/b><a href=\"https:\/\/whatsapp.com\/channel\/0029VaeYHJ40Qeam4DWyn109\" rel=\"noreferrer noopener nofollow\" target=\"_blank\">Hier finden Sie den kostenlosen Whatsapp-Kanal der NW-Bielefeld<\/a> <\/p>\n","protected":false},"excerpt":{"rendered":"Bielefeld. Ein Praktikum in den Ferien? Die meisten Sch\u00fclerinnen und Sch\u00fcler werden dankend abwinken. Aber was, wenn man&hellip;\n","protected":false},"author":2,"featured_media":1271812,"comment_status":"","ping_status":"","sticky":false,"template":"","format":"standard","meta":{"footnotes":"","_share_on_mastodon":"0"},"categories":[1841],"tags":[36716,1605,3364,29,262659,30,198343,736,164252,1612,16897,52402,1209,176,211663,1598,262661,104798,262660],"class_list":["post-1271811","post","type-post","status-publish","format-standard","has-post-thumbnail","category-bielefeld","tag-berufsorientierung","tag-bielefeld","tag-de","tag-deutschland","tag-ferienpraktikum","tag-germany","tag-meta_artikelklasse_aboanker","tag-meta_copyrights_nw","tag-meta_eo_zusammenfassung","tag-meta_themen_wirtschaft","tag-meta_userneeds_erklaeremir","tag-modellprojekt","tag-nordrhein-westfalen","tag-nrw","tag-praktikumswoche","tag-restaurant","tag-ruben-kotthoff","tag-silvio-eberlein","tag-spitzenrestaurant"],"share_on_mastodon":{"url":"https:\/\/pubeurope.com\/@de\/117190359996898886","error":""},"_links":{"self":[{"href":"https:\/\/www.europesays.com\/de\/wp-json\/wp\/v2\/posts\/1271811","targetHints":{"allow":["GET"]}}],"collection":[{"href":"https:\/\/www.europesays.com\/de\/wp-json\/wp\/v2\/posts"}],"about":[{"href":"https:\/\/www.europesays.com\/de\/wp-json\/wp\/v2\/types\/post"}],"author":[{"embeddable":true,"href":"https:\/\/www.europesays.com\/de\/wp-json\/wp\/v2\/users\/2"}],"replies":[{"embeddable":true,"href":"https:\/\/www.europesays.com\/de\/wp-json\/wp\/v2\/comments?post=1271811"}],"version-history":[{"count":0,"href":"https:\/\/www.europesays.com\/de\/wp-json\/wp\/v2\/posts\/1271811\/revisions"}],"wp:featuredmedia":[{"embeddable":true,"href":"https:\/\/www.europesays.com\/de\/wp-json\/wp\/v2\/media\/1271812"}],"wp:attachment":[{"href":"https:\/\/www.europesays.com\/de\/wp-json\/wp\/v2\/media?parent=1271811"}],"wp:term":[{"taxonomy":"category","embeddable":true,"href":"https:\/\/www.europesays.com\/de\/wp-json\/wp\/v2\/categories?post=1271811"},{"taxonomy":"post_tag","embeddable":true,"href":"https:\/\/www.europesays.com\/de\/wp-json\/wp\/v2\/tags?post=1271811"}],"curies":[{"name":"wp","href":"https:\/\/api.w.org\/{rel}","templated":true}]}}