{"id":1271817,"date":"2026-08-31T13:30:23","date_gmt":"2026-08-31T13:30:23","guid":{"rendered":"https:\/\/www.europesays.com\/de\/1271817\/"},"modified":"2026-08-31T13:30:23","modified_gmt":"2026-08-31T13:30:23","slug":"pol-ge-203-strahlende-gesichter-ernennungsfeier-im-musiktheater","status":"publish","type":"post","link":"https:\/\/www.europesays.com\/de\/1271817\/","title":{"rendered":"POL-GE: 203 strahlende Gesichter &#8211; Ernennungsfeier im Musiktheater"},"content":{"rendered":"<p class=\"date\">31.08.2026 \u2013 14:43<\/p>\n<p class=\"customer\">\n                        <a class=\"story-customer\" title=\"weiter zum newsroom von Polizei Gelsenkirchen\" href=\"https:\/\/www.presseportal.de\/blaulicht\/nr\/51056\" rel=\"nofollow noopener\" target=\"_blank\">Polizei Gelsenkirchen<\/a>\n                    <\/p>\n<p><a class=\"glightbox event-trigger\" href=\"https:\/\/cache.pressmailing.net\/thumbnail\/story_hires\/e76fba17-5adb-4b63-ab8e-09a79660c10b\/KAM19111.jpeg.jpg\" data-description=\"Traditionell geh\u00f6rt der M\u00fctzenwurf zu jeder Ernennungsfeier von Polizistinnen und Polizisten, so auch am 31. August 2026 vor dem Musiktheater in Gelsenkirchen, wo insgesamt 203 neue Polizeikommissarinnen und Polizeikommissare ernannt worden sind. Foto: Polizei Gelsenkirchen\" data-category=\"medialightbox\" data-action=\"click\" data-label=\"single\" data-value=\"6a9576dd270000fd2cbef1af\" rel=\"nofollow noopener\" target=\"_blank\"><img decoding=\"async\" height=\"540\" with=\"720\" src=\"https:\/\/www.europesays.com\/de\/wp-content\/uploads\/2026\/08\/pol-ge-203-strahlende-gesichter-ernennungsfeier-im-musiktheater.jpeg\"   alt=\"POL-GE: 203 strahlende Gesichter - Ernennungsfeier im Musiktheater\" class=\"single\"\/><\/a><\/p>\n<p><a data-category=\"citylink-story-view\" data-action=\"click\" data-label=\"Citylink in Meldungsansicht\" class=\"story-city event-trigger\" href=\"https:\/\/www.presseportal.de\/regional\/Gelsenkirchen\" title=\"News aus Gelsenkirchen \" rel=\"nofollow noopener\" target=\"_blank\">Gelsenkirchen<\/a> (ots)<\/p>\n<p>Der erste Stern auf der Schulter ist im Leben einer Polizeibeamtin und eines Polizeibeamten etwas ganz Besonderes. F\u00fcr 203 Anw\u00e4rterinnen und Anw\u00e4rter war es am Montag, 31. August 2026, soweit. In einem feierlichen Rahmen wurden sie im Musiktheater im Revier vom stellvertretenden Beh\u00f6rdenleiter der Polizei Gelsenkirchen, Leitender Polizeidirektor Karsten Plenker, zu Polizeikommissarinnen und Polizeikommissaren ernannt. Gemeinsam mit der Direktionsleiterin Zentrale Aufgaben, Oberregierungsr\u00e4tin Sandra H\u00fcppe, \u00fcberreichte er dazu Urkunden und die passenden Schulterklappen mit einem silbernen Stern. F\u00fcr die Stadt Gelsenkirchen begr\u00fc\u00dfte Oberb\u00fcrgermeisterin Andrea Henze die neuen Kolleginnen und Kollegen.<\/p>\n<p>Diese Ernennung ist der kr\u00f6nenden Abschluss eines dreij\u00e4hrigen dualen Studiums, in dem sowohl theoretische Inhalte vermittelt wie auch praxisnahe \u00dcbungen durchgef\u00fchrt und Praktika in verschiedenen Polizeibeh\u00f6rden umgesetzt werden. Die Ernennung zu Polizeikommissarinnen und -kommissaren ist damit ein Abschluss und zeitgleich der Beginn der eigenen dienstlichen Reise. In seiner Rede betonte Plenker, wie wichtig und herausfordernd der Polizeivollzugsdienst ist: &#8222;Ab heute stehen Sie nicht mehr nur f\u00fcr sich selbst. Sie stehen f\u00fcr eine Uniform, f\u00fcr eine Aufgabe und f\u00fcr das Vertrauen, das Ihnen entgegengebracht wird. Vor drei Jahren haben Sie eine Entscheidung getroffen. Die Entscheidung, Verantwortung zu \u00fcbernehmen, f\u00fcr andere einzustehen und f\u00fcr Recht und Ordnung einzutreten. Eine Zeit voller Arbeit, Herausforderung, Lernen und pers\u00f6nlicher Entwicklung liegt hinter Ihnen. Heute d\u00fcrfen Sie einen Moment innehalten und stolz sein &#8211; wir sind es auch&#8220;, sprach Plenker.<\/p>\n<p>Das Polizeipr\u00e4sidium Gelsenkirchen ist eine von mehreren Ausbildungsbeh\u00f6rden in NRW und ist im Verbund mit den Pr\u00e4sidien in Essen, Oberhausen und Recklinghausen zentral f\u00fcr die Ausbildung des Polizeinachwuchses in diesem Bereich zust\u00e4ndig. Aus diesen Beh\u00f6rden nahmen die Pr\u00e4sidentinnen und Pr\u00e4sidenten oder deren Vertreterinnen und Vertreter an der Feier teil.<\/p>\n<p>Ab Dienstag, 1. September 2026, werden 87 neue Kolleginnen und 116 Kollegen in verschiedenen Beh\u00f6rden des Landes ihren Dienst antreten und dort den Streifendienst oder die Kommissariate verst\u00e4rken.<\/p>\n<p>Die Polizei Gelsenkirchen gratuliert allen Absolventinnen und Absolventen herzlich zu ihrer Ernennung und w\u00fcnscht ihnen alles Gute f\u00fcr den weiteren beruflichen und pers\u00f6nlichen Werdegang.<\/p>\n<p class=\"contact-headline\">Nachfragen f\u00fcr Journalistinnen und Journalisten:<\/p>\n<p class=\"contact-text\">Polizei Gelsenkirchen<br \/>Telefon: +49 (0) 209 365-2010<br \/>E-Mail: <a href=\"https:\/\/www.presseportal.de\/blaulicht\/pm\/51056\/mailto:pressestelle.gelsenkirchen@polizei.nrw.de\" class=\"uri-mailto\" rel=\"nofollow noopener\" target=\"_blank\">pressestelle.gelsenkirchen@polizei.nrw.de<\/a><br \/><a target=\"_blank\" class=\"uri-ext outbound\" rel=\"noopener nofollow\" href=\"https:\/\/gelsenkirchen.polizei.nrw\/\">https:\/\/gelsenkirchen.polizei.nrw\/<\/a><\/p>\n<p class=\"originator\">Original-Content von: Polizei Gelsenkirchen, \u00fcbermittelt durch news aktuell<\/p>\n","protected":false},"excerpt":{"rendered":"31.08.2026 \u2013 14:43 Polizei Gelsenkirchen Gelsenkirchen (ots) Der erste Stern auf der Schulter ist im Leben einer Polizeibeamtin&hellip;\n","protected":false},"author":2,"featured_media":1271818,"comment_status":"","ping_status":"","sticky":false,"template":"","format":"standard","meta":{"footnotes":"","_share_on_mastodon":"0"},"categories":[1839],"tags":[7507,3364,29,30,177,1209,176,121,178,180,179,181],"class_list":["post-1271817","post","type-post","status-publish","format-standard","has-post-thumbnail","category-bochum","tag-bochum","tag-de","tag-deutschland","tag-germany","tag-kriminalitt","tag-nordrhein-westfalen","tag-nrw","tag-polizei","tag-presse","tag-pressemeldung","tag-pressemitteilung","tag-pressemitteilungen"],"share_on_mastodon":{"url":"https:\/\/pubeurope.com\/@de\/117190371903567444","error":""},"_links":{"self":[{"href":"https:\/\/www.europesays.com\/de\/wp-json\/wp\/v2\/posts\/1271817","targetHints":{"allow":["GET"]}}],"collection":[{"href":"https:\/\/www.europesays.com\/de\/wp-json\/wp\/v2\/posts"}],"about":[{"href":"https:\/\/www.europesays.com\/de\/wp-json\/wp\/v2\/types\/post"}],"author":[{"embeddable":true,"href":"https:\/\/www.europesays.com\/de\/wp-json\/wp\/v2\/users\/2"}],"replies":[{"embeddable":true,"href":"https:\/\/www.europesays.com\/de\/wp-json\/wp\/v2\/comments?post=1271817"}],"version-history":[{"count":0,"href":"https:\/\/www.europesays.com\/de\/wp-json\/wp\/v2\/posts\/1271817\/revisions"}],"wp:featuredmedia":[{"embeddable":true,"href":"https:\/\/www.europesays.com\/de\/wp-json\/wp\/v2\/media\/1271818"}],"wp:attachment":[{"href":"https:\/\/www.europesays.com\/de\/wp-json\/wp\/v2\/media?parent=1271817"}],"wp:term":[{"taxonomy":"category","embeddable":true,"href":"https:\/\/www.europesays.com\/de\/wp-json\/wp\/v2\/categories?post=1271817"},{"taxonomy":"post_tag","embeddable":true,"href":"https:\/\/www.europesays.com\/de\/wp-json\/wp\/v2\/tags?post=1271817"}],"curies":[{"name":"wp","href":"https:\/\/api.w.org\/{rel}","templated":true}]}}