{"id":1271823,"date":"2026-08-31T13:33:28","date_gmt":"2026-08-31T13:33:28","guid":{"rendered":"https:\/\/www.europesays.com\/de\/1271823\/"},"modified":"2026-08-31T13:33:28","modified_gmt":"2026-08-31T13:33:28","slug":"ukraine-krieg-aktuell-putin-fuerchtet-bei-einer-niederlage-um-sein-leben","status":"publish","type":"post","link":"https:\/\/www.europesays.com\/de\/1271823\/","title":{"rendered":"Ukraine-Krieg aktuell: Putin f\u00fcrchtet bei einer Niederlage um sein Leben"},"content":{"rendered":"<p class=\"text-18 leading-17 user-text-lg:text-22 user-text-xl:text-24\">Einsatzkr\u00e4fte der Mission &#8222;Eunavfor Med Irini&#8220; gingen am Sonntag an Bord des Tankers, um dessen Flagge zu \u00fcberpr\u00fcfen. Die EU-Mission wurde urspr\u00fcnglich im Jahr 2020 zur Durchsetzung eines UN-Waffenembargos gegen <a href=\"https:\/\/www.t-online.de\/themen\/libyen\/\" class=\"transition-colors cursor-pointer no-underline md:hover:text-magenta md:focus:text-magenta border-b border-solid border-current text-salemsfur md:hover:border-magenta\" data-tracking=\"{&quot;action&quot;:&quot;click&quot;,&quot;category&quot;:&quot;intextLink&quot;,&quot;label&quot;:&quot;\/themen\/libyen\/&quot;}\" data-sctrack=\"BodyAnchor\" rel=\"nofollow noopener\" target=\"_blank\">Libyen<\/a> eingerichtet. Die EU-Mitgliedstaaten weiteten das Mandat jedoch aus, um auch solche \u00dcberpr\u00fcfungen zu erm\u00f6glichen.<\/p>\n<p>SPD-Fraktionsvize: Russland deutliches Stoppsignal setzen<\/p>\n<p class=\"text-18 leading-17 user-text-lg:text-22 user-text-xl:text-24\">SPD-Fraktionsvize Siemtje M\u00f6ller spricht sich daf\u00fcr aus, Russland klare Grenzen aufzuzeigen. &#8222;Wir alle wollen keine weitere kriegerische Eskalation mit Russland&#8220;, sagte M\u00f6ller im Deutschlandfunk. &#8222;Aber klar ist, dass da Grenzen aufgezeigt werden m\u00fcssen und dass wir sehr wohl wahrnehmen, wie Russland auf unserem Territorium operiert und dass wir ein sehr deutliches Stoppsignal dagegen setzen.&#8220;<\/p>\n<p><a href=\"#focus-2\" class=\"transition-colors block text-current relative\" data-sctrack=\"FocusGalleryImage.Reference\"><img   loading=\"lazy\" src=\"https:\/\/www.europesays.com\/de\/wp-content\/uploads\/2026\/08\/siemtje-moeller-archivbild-sie-fordert-ein-deutliches-signal.webp\" alt=\"Siemtje Moeller (Archivbild): Sie fordert ein deutliches Signal.\" title=\"Siemtje Moeller (Archivbild): Sie fordert ein deutliches Signal.\" width=\"4000\" height=\"2250\" class=\"h-full w-full max-w-full rounded-8\" decoding=\"async\"\/><img loading=\"lazy\" src=\"https:\/\/www.t-online.de\/s\/paper\/_next\/static\/media\/zoom-in.f7dae02f.svg\" alt=\"Vergr\u00f6\u00dfern des Bildes\" title=\"Vergr\u00f6\u00dfern des Bildes\" class=\"block h-[calc(var(--height)_\/_16_*_1rem)] w-[calc(var(--width)_\/_16_*_1rem)] max-w-none absolute right-8 bottom-8 rounded-4 bg-snow p-8\" style=\"--width:32;--height:32\" decoding=\"async\"\/>Siemtje Moeller (Archivbild): Sie fordert ein deutliches Signal. (Quelle: IMAGO\/Mike Schmidt)<\/a><\/p>\n<p class=\"text-18 leading-17 user-text-lg:text-22 user-text-xl:text-24\">Eine mit Sprengstoff pr\u00e4parierte Drohne war am Abend des 4. August im Sicherheitsbereich des Flughafens Leipzig\/Halle zwischen ukrainischen Frachtmaschinen entdeckt worden. Schon bald will die <a href=\"https:\/\/www.t-online.de\/themen\/bundesregierung\/\" class=\"transition-colors cursor-pointer no-underline md:hover:text-magenta md:focus:text-magenta border-b border-solid border-current text-salemsfur md:hover:border-magenta\" data-tracking=\"{&quot;action&quot;:&quot;click&quot;,&quot;category&quot;:&quot;intextLink&quot;,&quot;label&quot;:&quot;\/themen\/bundesregierung\/&quot;}\" data-sctrack=\"BodyAnchor\" rel=\"nofollow noopener\" target=\"_blank\">Bundesregierung<\/a> Angaben dazu machen, wer aus ihrer Sicht f\u00fcr den versuchten Anschlag verantwortlich war.<\/p>\n<p class=\"text-18 leading-17 user-text-lg:text-22 user-text-xl:text-24\">M\u00f6ller sagte, es deute alles darauf hin, dass es in Richtung Russland gehe. Sie begr\u00fc\u00dfe es, wenn an dieser Stelle Klarheit geschaffen werde. Bisher sei der Spagat sehr gut gelungen, Grenzen zu setzen, ohne eine Eskalation mit Russland herbeizuf\u00fchren. Das verhindere aber nicht, dass Russland etwas als Eskalation oder Provokation interpretiere.<\/p>\n<p>Russland meldet neuen Drohnenangriff auf Logistikzentrum<\/p>\n<p class=\"text-18 leading-17 user-text-lg:text-22 user-text-xl:text-24\">Ein Logistikzentrum in der russischen Stadt Jekaterinburg ist nach Angaben der \u00f6rtlichen Beh\u00f6rden Ziel eines Drohnenangriffs geworden. Drohnen und herabst\u00fcrzende Tr\u00fcmmerteile h\u00e4tten Wohngeb\u00e4ude und eine Logistikanlage getroffen, teilte der zust\u00e4ndige Gouverneur mit. Das genaue Ziel des Angriffs nannte er nicht. Menschen seien bei dem Vorfall nicht zu Schaden gekommen.<\/p>\n<p class=\"text-18 leading-17 user-text-lg:text-22 user-text-xl:text-24\">Jekaterinburg, eine der gr\u00f6\u00dften St\u00e4dte Russlands, liegt mehr als 1.400 Kilometer \u00f6stlich von <a href=\"https:\/\/www.t-online.de\/themen\/moskau\/\" class=\"transition-colors cursor-pointer no-underline md:hover:text-magenta md:focus:text-magenta border-b border-solid border-current text-salemsfur md:hover:border-magenta\" data-tracking=\"{&quot;action&quot;:&quot;click&quot;,&quot;category&quot;:&quot;intextLink&quot;,&quot;label&quot;:&quot;\/themen\/moskau\/&quot;}\" data-sctrack=\"BodyAnchor\" rel=\"nofollow noopener\" target=\"_blank\">Moskau<\/a>. In vergangener Zeit hat es wiederholt Drohnenangriffe auf Anlagen von Online-H\u00e4ndlern in verschiedenen St\u00e4dten Russlands gegeben. Die Ukraine wehrt sich seit mehr als viereinhalb Jahren gegen den Angriffskrieg Russlands.<\/p>\n<p>Lawrow: Nato-Aktivit\u00e4t in der Arktis &#8222;aktive Bedrohung&#8220;<\/p>\n<p class=\"text-18 leading-17 user-text-lg:text-22 user-text-xl:text-24\">Russland betrachtet die Aktivit\u00e4ten der <a href=\"https:\/\/www.t-online.de\/themen\/nato\/\" class=\"transition-colors cursor-pointer no-underline md:hover:text-magenta md:focus:text-magenta border-b border-solid border-current text-salemsfur md:hover:border-magenta\" data-tracking=\"{&quot;action&quot;:&quot;click&quot;,&quot;category&quot;:&quot;intextLink&quot;,&quot;label&quot;:&quot;\/themen\/nato\/&quot;}\" data-sctrack=\"BodyAnchor\" rel=\"nofollow noopener\" target=\"_blank\">Nato<\/a> in der Arktis nach Angaben von Au\u00dfenminister <a href=\"https:\/\/www.t-online.de\/themen\/sergej-lawrow\/\" class=\"transition-colors cursor-pointer no-underline md:hover:text-magenta md:focus:text-magenta border-b border-solid border-current text-salemsfur md:hover:border-magenta\" data-tracking=\"{&quot;action&quot;:&quot;click&quot;,&quot;category&quot;:&quot;intextLink&quot;,&quot;label&quot;:&quot;\/themen\/sergej-lawrow\/&quot;}\" data-sctrack=\"BodyAnchor\" rel=\"nofollow noopener\" target=\"_blank\">Sergej Lawrow<\/a> als direkte Bedrohung f\u00fcr seine Sicherheit. Moskau stufe milit\u00e4rische \u00dcbungen der Nato in dem Gebiet als aggressiv ein, erkl\u00e4rt der langj\u00e4hrige Au\u00dfenminister von Pr\u00e4sident Wladimir Putin in einem vom russischen Au\u00dfenministerium ver\u00f6ffentlichten Artikel.<\/p>\n<p>Loading&#8230;<\/p>\n<p>Loading&#8230;<\/p>\n<p>Loading&#8230;<\/p>\n","protected":false},"excerpt":{"rendered":"Einsatzkr\u00e4fte der Mission &#8222;Eunavfor Med Irini&#8220; gingen am Sonntag an Bord des Tankers, um dessen Flagge zu \u00fcberpr\u00fcfen.&hellip;\n","protected":false},"author":2,"featured_media":1271824,"comment_status":"","ping_status":"","sticky":false,"template":"","format":"standard","meta":{"footnotes":"","_share_on_mastodon":"0"},"categories":[4012],"tags":[1217,326,6079,522,331,332,1478,444,548,23012,13,72570,5793,308,159510,14,15,3129,307,12,5870,184,236958,317,5504,306],"class_list":["post-1271823","post","type-post","status-publish","format-standard","has-post-thumbnail","category-ukraine","tag-1217","tag-326","tag-6079","tag-522","tag-aktuelle-nachrichten","tag-aktuelle-news","tag-drohne","tag-elon-musk","tag-eu","tag-financial-times","tag-headlines","tag-jekaterinburg","tag-kiew","tag-moskau","tag-mychajlo-fedorow","tag-nachrichten","tag-news","tag-newsblog","tag-russland","tag-schlagzeilen","tag-spacex","tag-spd","tag-the-economist","tag-ukraine","tag-weisses-haus","tag-wladimir-putin"],"share_on_mastodon":{"url":"https:\/\/pubeurope.com\/@de\/117190381054678159","error":""},"_links":{"self":[{"href":"https:\/\/www.europesays.com\/de\/wp-json\/wp\/v2\/posts\/1271823","targetHints":{"allow":["GET"]}}],"collection":[{"href":"https:\/\/www.europesays.com\/de\/wp-json\/wp\/v2\/posts"}],"about":[{"href":"https:\/\/www.europesays.com\/de\/wp-json\/wp\/v2\/types\/post"}],"author":[{"embeddable":true,"href":"https:\/\/www.europesays.com\/de\/wp-json\/wp\/v2\/users\/2"}],"replies":[{"embeddable":true,"href":"https:\/\/www.europesays.com\/de\/wp-json\/wp\/v2\/comments?post=1271823"}],"version-history":[{"count":0,"href":"https:\/\/www.europesays.com\/de\/wp-json\/wp\/v2\/posts\/1271823\/revisions"}],"wp:featuredmedia":[{"embeddable":true,"href":"https:\/\/www.europesays.com\/de\/wp-json\/wp\/v2\/media\/1271824"}],"wp:attachment":[{"href":"https:\/\/www.europesays.com\/de\/wp-json\/wp\/v2\/media?parent=1271823"}],"wp:term":[{"taxonomy":"category","embeddable":true,"href":"https:\/\/www.europesays.com\/de\/wp-json\/wp\/v2\/categories?post=1271823"},{"taxonomy":"post_tag","embeddable":true,"href":"https:\/\/www.europesays.com\/de\/wp-json\/wp\/v2\/tags?post=1271823"}],"curies":[{"name":"wp","href":"https:\/\/api.w.org\/{rel}","templated":true}]}}