{"id":1271827,"date":"2026-08-31T13:37:16","date_gmt":"2026-08-31T13:37:16","guid":{"rendered":"https:\/\/www.europesays.com\/de\/1271827\/"},"modified":"2026-08-31T13:37:16","modified_gmt":"2026-08-31T13:37:16","slug":"fotos-ziehen-prinz-harry-und-meghan-in-die-cotswolds","status":"publish","type":"post","link":"https:\/\/www.europesays.com\/de\/1271827\/","title":{"rendered":"Fotos: Ziehen Prinz Harry und Meghan in die Cotswolds?"},"content":{"rendered":"\n<p class=\"richtext mb-6 last:mb-0\">Am 27. August 2026 gehen Menschen an einem Pub in Burford vorbei, einer Region, die als Cotswolds bekannt ist und nordwestlich von London liegt. Prinz Harry, seine Frau Meghan und ihre beiden Kinder sind am 16. August in Gro\u00dfbritannien gelandet, wie britische Medien berichteten, nachdem letzte Woche die \u00fcberraschende Nachricht bekannt geworden war, dass sie aus den Vereinigten Staaten umziehen w\u00fcrden. Die Zeitung \u201eThe Telegraph\u201c berichtete, dass das Paar plane, f\u00fcr \u201el\u00e4ngere Zeit\u201c zu bleiben und in einem Haus in der Region Cotswolds in Mittelengland zu wohnen, nachdem sie ihre Kinder f\u00fcr das kommende Schuljahr an einer Schule angemeldet h\u00e4tten. <\/p>\n","protected":false},"excerpt":{"rendered":"Am 27. August 2026 gehen Menschen an einem Pub in Burford vorbei, einer Region, die als Cotswolds bekannt&hellip;\n","protected":false},"author":2,"featured_media":1271828,"comment_status":"","ping_status":"","sticky":false,"template":"","format":"standard","meta":{"footnotes":"","_share_on_mastodon":"0"},"categories":[3976],"tags":[331,332,13,14,15,12,3992,3993,3994,3995,3996,3997],"class_list":["post-1271827","post","type-post","status-publish","format-standard","has-post-thumbnail","category-vereinigtes-koenigreich","tag-aktuelle-nachrichten","tag-aktuelle-news","tag-headlines","tag-nachrichten","tag-news","tag-schlagzeilen","tag-uk","tag-united-kingdom","tag-united-kingdom-of-great-britain-and-northern-ireland","tag-vereinigtes-koenigreich","tag-vereinigtes-koenigreich-grossbritannien-und-nordirland","tag-vereinigtes-koenigreich-von-grossbritannien-und-nordirland"],"share_on_mastodon":{"url":"","error":""},"_links":{"self":[{"href":"https:\/\/www.europesays.com\/de\/wp-json\/wp\/v2\/posts\/1271827","targetHints":{"allow":["GET"]}}],"collection":[{"href":"https:\/\/www.europesays.com\/de\/wp-json\/wp\/v2\/posts"}],"about":[{"href":"https:\/\/www.europesays.com\/de\/wp-json\/wp\/v2\/types\/post"}],"author":[{"embeddable":true,"href":"https:\/\/www.europesays.com\/de\/wp-json\/wp\/v2\/users\/2"}],"replies":[{"embeddable":true,"href":"https:\/\/www.europesays.com\/de\/wp-json\/wp\/v2\/comments?post=1271827"}],"version-history":[{"count":0,"href":"https:\/\/www.europesays.com\/de\/wp-json\/wp\/v2\/posts\/1271827\/revisions"}],"wp:featuredmedia":[{"embeddable":true,"href":"https:\/\/www.europesays.com\/de\/wp-json\/wp\/v2\/media\/1271828"}],"wp:attachment":[{"href":"https:\/\/www.europesays.com\/de\/wp-json\/wp\/v2\/media?parent=1271827"}],"wp:term":[{"taxonomy":"category","embeddable":true,"href":"https:\/\/www.europesays.com\/de\/wp-json\/wp\/v2\/categories?post=1271827"},{"taxonomy":"post_tag","embeddable":true,"href":"https:\/\/www.europesays.com\/de\/wp-json\/wp\/v2\/tags?post=1271827"}],"curies":[{"name":"wp","href":"https:\/\/api.w.org\/{rel}","templated":true}]}}