{"id":1271841,"date":"2026-08-31T13:47:16","date_gmt":"2026-08-31T13:47:16","guid":{"rendered":"https:\/\/www.europesays.com\/de\/1271841\/"},"modified":"2026-08-31T13:47:16","modified_gmt":"2026-08-31T13:47:16","slug":"fund-im-rhein-bei-bonn-autowrack-mit-menschenknochen-bei-niedrigwasser-entdeckt","status":"publish","type":"post","link":"https:\/\/www.europesays.com\/de\/1271841\/","title":{"rendered":"Fund im Rhein bei Bonn: Autowrack mit Menschenknochen bei Niedrigwasser entdeckt"},"content":{"rendered":"<p class=\"richtext text-em-55 !leading-serif mx-6 desktop:mx-0\">Der historische Tiefstand des Rheins hat ein Autowrack mit menschlichen Knochenresten zum Vorschein gebracht. Bereits Anfang August wurde das Fahrzeug von der Feuerwehr in K\u00f6nigswinter (Rhein-Sieg-Kreis) entdeckt, wie ein Sprecher der Bonner Polizei mitteilte. Zwei Wochen sp\u00e4ter konnte das Wrack geborgen werden. Darin und in unmittelbarer N\u00e4he fanden die Einsatzkr\u00e4fte Knochenreste. \u00dcber den Fall berichtete zun\u00e4chst die \u201eBild\u201c-Zeitung.<\/p>\n<p class=\"richtext text-em-55 !leading-serif mx-6 desktop:mx-0\">Die Polizei ermittelt weiter, um die Hintergr\u00fcnde des Fundes aufzukl\u00e4ren. Bislang gebe es keine Hinweise auf einen Vermisstenfall, der mit dem Autowrack in Verbindung stehen k\u00f6nnte, hie\u00df es. Nach Einsch\u00e4tzung des Polizeisprechers k\u00f6nnte das Fahrzeug seit Jahrzehnten auf dem Grund des Rheins gelegen haben. Ob die gefundenen Knochenfragmente von einer oder mehreren Personen stammen, ist noch unklar. \u201eDie Ermittlungen gestalten sich schwierig, weil es schon so lange zur\u00fcckliegt\u201c, sagte der Polizeisprecher.<\/p>\n<p class=\"richtext text-em-55 !leading-serif mx-6 desktop:mx-0\">Bei dem geborgenen Fiat handelt es sich vermutlich um ein Modell, das zwischen 1976 und 1984 produziert wurde.<\/p>\n<p class=\"!text-transparent richtext text-em-55 !leading-serif mx-6 desktop:mx-0\">\u00a9 dpa-infocom, dpa:260831-930-607669\/1<\/p>\n","protected":false},"excerpt":{"rendered":"Der historische Tiefstand des Rheins hat ein Autowrack mit menschlichen Knochenresten zum Vorschein gebracht. Bereits Anfang August wurde&hellip;\n","protected":false},"author":2,"featured_media":1271842,"comment_status":"","ping_status":"","sticky":false,"template":"","format":"standard","meta":{"footnotes":"","_share_on_mastodon":"0"},"categories":[1842],"tags":[1741,3364,29,30,1209],"class_list":["post-1271841","post","type-post","status-publish","format-standard","has-post-thumbnail","category-bonn","tag-bonn","tag-de","tag-deutschland","tag-germany","tag-nordrhein-westfalen"],"share_on_mastodon":{"url":"https:\/\/pubeurope.com\/@de\/117190436232475320","error":""},"_links":{"self":[{"href":"https:\/\/www.europesays.com\/de\/wp-json\/wp\/v2\/posts\/1271841","targetHints":{"allow":["GET"]}}],"collection":[{"href":"https:\/\/www.europesays.com\/de\/wp-json\/wp\/v2\/posts"}],"about":[{"href":"https:\/\/www.europesays.com\/de\/wp-json\/wp\/v2\/types\/post"}],"author":[{"embeddable":true,"href":"https:\/\/www.europesays.com\/de\/wp-json\/wp\/v2\/users\/2"}],"replies":[{"embeddable":true,"href":"https:\/\/www.europesays.com\/de\/wp-json\/wp\/v2\/comments?post=1271841"}],"version-history":[{"count":0,"href":"https:\/\/www.europesays.com\/de\/wp-json\/wp\/v2\/posts\/1271841\/revisions"}],"wp:featuredmedia":[{"embeddable":true,"href":"https:\/\/www.europesays.com\/de\/wp-json\/wp\/v2\/media\/1271842"}],"wp:attachment":[{"href":"https:\/\/www.europesays.com\/de\/wp-json\/wp\/v2\/media?parent=1271841"}],"wp:term":[{"taxonomy":"category","embeddable":true,"href":"https:\/\/www.europesays.com\/de\/wp-json\/wp\/v2\/categories?post=1271841"},{"taxonomy":"post_tag","embeddable":true,"href":"https:\/\/www.europesays.com\/de\/wp-json\/wp\/v2\/tags?post=1271841"}],"curies":[{"name":"wp","href":"https:\/\/api.w.org\/{rel}","templated":true}]}}