{"id":1271843,"date":"2026-08-31T13:48:16","date_gmt":"2026-08-31T13:48:16","guid":{"rendered":"https:\/\/www.europesays.com\/de\/1271843\/"},"modified":"2026-08-31T13:48:16","modified_gmt":"2026-08-31T13:48:16","slug":"bonn-kunstrasen-zieht-positive-bilanz","status":"publish","type":"post","link":"https:\/\/www.europesays.com\/de\/1271843\/","title":{"rendered":"Bonn: KUNST!RASEN zieht positive Bilanz"},"content":{"rendered":"<p>Trotz wachsender Kosten und Auflagen habe man wieder au\u00dfergew\u00f6hnliche Abende f\u00fcr Bonn geschaffen, hei\u00dft es. Vor allem das Rheinkilometer 652 Open-Air habe eine besondere Duftmarke f\u00fcr Bonn als Veranstaltungsort gesetzt &#8211; \u00fcber 7.000 Menschen kamen zu dem Konzert nach Bonn. Auch 2027 geht es weiter mit dem KUNST!RASEN &#8211; Auch hier wird es wieder ein Rheinkilometer 652 Festival geben &#8211; und der erste Act f\u00fcr das kommende Jahr steht auch schon fest und ist sogar schon ausverkauft: Die fantastischen Vier! Wenn die ersten Acts f\u00fcr den Bonner KUNST!RASEN 2027 bekannt gegeben werden, erfahrt ihr es als Erstes hier bei uns! <\/p>\n","protected":false},"excerpt":{"rendered":"Trotz wachsender Kosten und Auflagen habe man wieder au\u00dfergew\u00f6hnliche Abende f\u00fcr Bonn geschaffen, hei\u00dft es. Vor allem das&hellip;\n","protected":false},"author":2,"featured_media":1271844,"comment_status":"","ping_status":"","sticky":false,"template":"","format":"standard","meta":{"footnotes":"","_share_on_mastodon":"0"},"categories":[1842],"tags":[1741,3364,29,30,1209],"class_list":["post-1271843","post","type-post","status-publish","format-standard","has-post-thumbnail","category-bonn","tag-bonn","tag-de","tag-deutschland","tag-germany","tag-nordrhein-westfalen"],"share_on_mastodon":{"url":"https:\/\/pubeurope.com\/@de\/117190440210592403","error":""},"_links":{"self":[{"href":"https:\/\/www.europesays.com\/de\/wp-json\/wp\/v2\/posts\/1271843","targetHints":{"allow":["GET"]}}],"collection":[{"href":"https:\/\/www.europesays.com\/de\/wp-json\/wp\/v2\/posts"}],"about":[{"href":"https:\/\/www.europesays.com\/de\/wp-json\/wp\/v2\/types\/post"}],"author":[{"embeddable":true,"href":"https:\/\/www.europesays.com\/de\/wp-json\/wp\/v2\/users\/2"}],"replies":[{"embeddable":true,"href":"https:\/\/www.europesays.com\/de\/wp-json\/wp\/v2\/comments?post=1271843"}],"version-history":[{"count":0,"href":"https:\/\/www.europesays.com\/de\/wp-json\/wp\/v2\/posts\/1271843\/revisions"}],"wp:featuredmedia":[{"embeddable":true,"href":"https:\/\/www.europesays.com\/de\/wp-json\/wp\/v2\/media\/1271844"}],"wp:attachment":[{"href":"https:\/\/www.europesays.com\/de\/wp-json\/wp\/v2\/media?parent=1271843"}],"wp:term":[{"taxonomy":"category","embeddable":true,"href":"https:\/\/www.europesays.com\/de\/wp-json\/wp\/v2\/categories?post=1271843"},{"taxonomy":"post_tag","embeddable":true,"href":"https:\/\/www.europesays.com\/de\/wp-json\/wp\/v2\/tags?post=1271843"}],"curies":[{"name":"wp","href":"https:\/\/api.w.org\/{rel}","templated":true}]}}