{"id":1271845,"date":"2026-08-31T13:49:16","date_gmt":"2026-08-31T13:49:16","guid":{"rendered":"https:\/\/www.europesays.com\/de\/1271845\/"},"modified":"2026-08-31T13:49:16","modified_gmt":"2026-08-31T13:49:16","slug":"pol-du-duissern-raubueberfall-polizei-fasst-tatverdaechtige","status":"publish","type":"post","link":"https:\/\/www.europesays.com\/de\/1271845\/","title":{"rendered":"POL-DU: Duissern: Raub\u00fcberfall &#8211; Polizei fasst Tatverd\u00e4chtige"},"content":{"rendered":"<p class=\"date\">31.08.2026 \u2013 15:11<\/p>\n<p class=\"customer\">\n                        <a class=\"story-customer\" title=\"weiter zum newsroom von Polizei Duisburg\" href=\"https:\/\/www.presseportal.de\/blaulicht\/nr\/50510\" rel=\"nofollow noopener\" target=\"_blank\">Polizei Duisburg<\/a>\n                    <\/p>\n<p><a data-category=\"citylink-story-view\" data-action=\"click\" data-label=\"Citylink in Meldungsansicht\" class=\"story-city event-trigger\" href=\"https:\/\/www.presseportal.de\/regional\/Duisburg\" title=\"News aus Duisburg \" rel=\"nofollow noopener\" target=\"_blank\">Duisburg<\/a> (ots)<\/p>\n<p>Zwei Unbekannte haben es am Mittwochabend (26. August, 18:30 Uhr) auf einen 20-J\u00e4hrigen im Bereich einer U-Bahn-Unterf\u00fchrung an der M\u00fclheimer Stra\u00dfe\/Neudorfer Stra\u00dfe abgesehen.<\/p>\n<p>Nach bisherigen Erkenntnisse interessierten sich die jungen M\u00e4nner (21, 22) f\u00fcr den Inhalt seiner Tasche. Weil er sie ihnen nicht freiwillig geben wollte, wandte das Duo Gewalt an. Ohne Tasche, aber daf\u00fcr mit einer Cap des Gesch\u00e4digten fl\u00fcchteten die T\u00e4ter in Richtung des Goerdeler Parks.<\/p>\n<p>Den Polizeibeamten beschrieb der 20-J\u00e4hrige die Tatverd\u00e4chtigen wie folgt: Einer hat schwarze Haare und trug eine helle Weste. Der zweite war blond und trug eine dunkle Jacke.<\/p>\n<p>Gegen 19:26 Uhr erkannten Einsatzkr\u00e4fte die beiden Fl\u00fcchtigen auf der Zieglerstra\u00dfe. Bei der Durchsuchung des 22-J\u00e4hrigen entdeckten die Polizisten ein Einhandmesser und stellten es sicher. Im Anschluss brachten die Beamten das Duo zur weiteren Sachverhaltskl\u00e4rung zur Polizeiwache.<\/p>\n<p>Weil der 22-J\u00e4hrige deutlich alkoholisiert war, wurde ihm auf Antrag der Staatsanwaltschaft Duisburg und anschlie\u00dfender Anordnung einer Richterin des Amtsgerichts Duisburg eine Blutprobe entnommen.<\/p>\n<p>Die Staatsanwaltschaft Duisburg beantragte ferner einen Beschluss zur Durchsuchung der Wohnung des 21-j\u00e4hrigen Tatbeteiligten, der nach Anordnung durch eine Richterin des Amtsgerichts Duisburg vollstreckt wurde.<\/p>\n<p>Im Rahmen der Durchsuchung entdeckten die Beamten eine Cap, die der des 20-j\u00e4hrigen Gesch\u00e4digten \u00e4hnelt, und stellten sie sicher.<\/p>\n<p>Die Tatverd\u00e4chtigen m\u00fcssen sich nun mit einem Strafverfahren auseinandersetzen. Das Kriminalkommissariat 13 hat die Ermittlungen aufgenommen.<\/p>\n<p class=\"contact-headline\">Journalisten wenden sich mit R\u00fcckfragen bitte an:<\/p>\n<p class=\"contact-text\">Polizei Duisburg<br \/>&#8211; Pressestelle &#8211;<br \/>Polizei Duisburg<br \/>Telefon: 0203 280 -1041, -1045, -1046, -1047<br \/>Fax: 0203 280 1049<br \/>E-Mail: <a href=\"https:\/\/www.presseportal.de\/blaulicht\/pm\/50510\/mailto:pressestelle.duisburg@polizei.nrw.de\" class=\"uri-mailto\" rel=\"nofollow noopener\" target=\"_blank\">pressestelle.duisburg@polizei.nrw.de<\/a><br \/><a target=\"_blank\" class=\"uri-ext outbound\" rel=\"noopener nofollow\" href=\"https:\/\/duisburg.polizei.nrw\">https:\/\/duisburg.polizei.nrw<\/a><\/p>\n<p>au\u00dferhalb der B\u00fcrodienstzeiten:<br \/>Polizei Duisburg<br \/>Telefon: 0203 2800<\/p>\n<p class=\"originator\">Original-Content von: Polizei Duisburg, \u00fcbermittelt durch news aktuell<\/p>\n","protected":false},"excerpt":{"rendered":"31.08.2026 \u2013 15:11 Polizei Duisburg Duisburg (ots) Zwei Unbekannte haben es am Mittwochabend (26. August, 18:30 Uhr) auf&hellip;\n","protected":false},"author":2,"featured_media":1266941,"comment_status":"","ping_status":"","sticky":false,"template":"","format":"standard","meta":{"footnotes":"","_share_on_mastodon":"0"},"categories":[1838],"tags":[3364,29,3715,30,177,1209,176,121,178,180,179,181],"class_list":["post-1271845","post","type-post","status-publish","format-standard","has-post-thumbnail","category-duisburg","tag-de","tag-deutschland","tag-duisburg","tag-germany","tag-kriminalitt","tag-nordrhein-westfalen","tag-nrw","tag-polizei","tag-presse","tag-pressemeldung","tag-pressemitteilung","tag-pressemitteilungen"],"share_on_mastodon":{"url":"https:\/\/pubeurope.com\/@de\/117190444140927527","error":""},"_links":{"self":[{"href":"https:\/\/www.europesays.com\/de\/wp-json\/wp\/v2\/posts\/1271845","targetHints":{"allow":["GET"]}}],"collection":[{"href":"https:\/\/www.europesays.com\/de\/wp-json\/wp\/v2\/posts"}],"about":[{"href":"https:\/\/www.europesays.com\/de\/wp-json\/wp\/v2\/types\/post"}],"author":[{"embeddable":true,"href":"https:\/\/www.europesays.com\/de\/wp-json\/wp\/v2\/users\/2"}],"replies":[{"embeddable":true,"href":"https:\/\/www.europesays.com\/de\/wp-json\/wp\/v2\/comments?post=1271845"}],"version-history":[{"count":0,"href":"https:\/\/www.europesays.com\/de\/wp-json\/wp\/v2\/posts\/1271845\/revisions"}],"wp:featuredmedia":[{"embeddable":true,"href":"https:\/\/www.europesays.com\/de\/wp-json\/wp\/v2\/media\/1266941"}],"wp:attachment":[{"href":"https:\/\/www.europesays.com\/de\/wp-json\/wp\/v2\/media?parent=1271845"}],"wp:term":[{"taxonomy":"category","embeddable":true,"href":"https:\/\/www.europesays.com\/de\/wp-json\/wp\/v2\/categories?post=1271845"},{"taxonomy":"post_tag","embeddable":true,"href":"https:\/\/www.europesays.com\/de\/wp-json\/wp\/v2\/tags?post=1271845"}],"curies":[{"name":"wp","href":"https:\/\/api.w.org\/{rel}","templated":true}]}}