{"id":1271846,"date":"2026-08-31T13:50:24","date_gmt":"2026-08-31T13:50:24","guid":{"rendered":"https:\/\/www.europesays.com\/de\/1271846\/"},"modified":"2026-08-31T13:50:24","modified_gmt":"2026-08-31T13:50:24","slug":"ausbruch-aus-jva-duisburg-haeftling-brach-in-koelner-villa-ein","status":"publish","type":"post","link":"https:\/\/www.europesays.com\/de\/1271846\/","title":{"rendered":"Ausbruch aus JVA Duisburg: H\u00e4ftling brach in K\u00f6lner Villa ein"},"content":{"rendered":"<p class=\"text_ohne_einzug richtext text-em-55 !leading-serif mx-6 desktop:mx-0\"> Der 35 Jahre alte H\u00e4ftling, der am fr\u00fchen Sonntagmorgen mit einem spektakul\u00e4ren Man\u00f6ver \u00fcber das Dach der JVA in Duisburg-Hamborn geflohen ist, ist noch immer auf der Flucht. <a href=\"https:\/\/rp-online.de\/nrw\/staedte\/duisburg\/nrw-haeftling-aus-jva-duisburg-geflohen-versteck-im-zellenboden_aid-153949259\" target=\"_blank\" rel=\"nofollow noopener\">Die Polizei fahndet derzeit weiter nach dem Serben, der seit Anfang Februar in U-Haft sa\u00df<\/a>. Nun sind weitere Details dar\u00fcber bekannt, welche Straftaten dem Mann konkret vorgeworfen werden \u2013 und dass er bereits in anderen europ\u00e4ischen Staaten strafrechtlich in Erscheinung getreten ist.<\/p>\n","protected":false},"excerpt":{"rendered":"Der 35 Jahre alte H\u00e4ftling, der am fr\u00fchen Sonntagmorgen mit einem spektakul\u00e4ren Man\u00f6ver \u00fcber das Dach der JVA&hellip;\n","protected":false},"author":2,"featured_media":1271847,"comment_status":"","ping_status":"","sticky":false,"template":"","format":"standard","meta":{"footnotes":"","_share_on_mastodon":"0"},"categories":[1838],"tags":[252760,12724,3364,29,3715,4788,30326,72415,80514,8036,156,3647,79188,30,5760,6209,1209,3728],"class_list":["post-1271846","post","type-post","status-publish","format-standard","has-post-thumbnail","category-duisburg","tag-220-000","tag-2fduisburg","tag-de","tag-deutschland","tag-duisburg","tag-euro","tag-europaeischen","tag-europaeischer","tag-floh","tag-flucht","tag-frankreich","tag-gefaengnis","tag-geflohen","tag-germany","tag-haeftling","tag-jva","tag-nordrhein-westfalen","tag-oberhausen"],"share_on_mastodon":{"url":"https:\/\/pubeurope.com\/@de\/117190447883919691","error":""},"_links":{"self":[{"href":"https:\/\/www.europesays.com\/de\/wp-json\/wp\/v2\/posts\/1271846","targetHints":{"allow":["GET"]}}],"collection":[{"href":"https:\/\/www.europesays.com\/de\/wp-json\/wp\/v2\/posts"}],"about":[{"href":"https:\/\/www.europesays.com\/de\/wp-json\/wp\/v2\/types\/post"}],"author":[{"embeddable":true,"href":"https:\/\/www.europesays.com\/de\/wp-json\/wp\/v2\/users\/2"}],"replies":[{"embeddable":true,"href":"https:\/\/www.europesays.com\/de\/wp-json\/wp\/v2\/comments?post=1271846"}],"version-history":[{"count":0,"href":"https:\/\/www.europesays.com\/de\/wp-json\/wp\/v2\/posts\/1271846\/revisions"}],"wp:featuredmedia":[{"embeddable":true,"href":"https:\/\/www.europesays.com\/de\/wp-json\/wp\/v2\/media\/1271847"}],"wp:attachment":[{"href":"https:\/\/www.europesays.com\/de\/wp-json\/wp\/v2\/media?parent=1271846"}],"wp:term":[{"taxonomy":"category","embeddable":true,"href":"https:\/\/www.europesays.com\/de\/wp-json\/wp\/v2\/categories?post=1271846"},{"taxonomy":"post_tag","embeddable":true,"href":"https:\/\/www.europesays.com\/de\/wp-json\/wp\/v2\/tags?post=1271846"}],"curies":[{"name":"wp","href":"https:\/\/api.w.org\/{rel}","templated":true}]}}