{"id":1271853,"date":"2026-08-31T13:55:15","date_gmt":"2026-08-31T13:55:15","guid":{"rendered":"https:\/\/www.europesays.com\/de\/1271853\/"},"modified":"2026-08-31T13:55:15","modified_gmt":"2026-08-31T13:55:15","slug":"autobauer-in-der-krise-ig-metall-stellt-sich-auf-konflikt-um-vw-werk-hannover-ein","status":"publish","type":"post","link":"https:\/\/www.europesays.com\/de\/1271853\/","title":{"rendered":"Autobauer in der Krise: IG Metall stellt sich auf Konflikt um VW-Werk Hannover ein"},"content":{"rendered":"<p class=\"paragraph article__item\">Nach der Sonder-Betriebsversammlung im Volkswagen-Werk <a class=\"rtr-entity\" href=\"https:\/\/www.zeit.de\/thema\/hannover\" rel=\"nofollow noopener\" target=\"_blank\">Hannover<\/a> hat die IG Metall dem Konzern mit Widerstand gegen m\u00f6gliche Einschnitte gedroht. \u00abDie Besch\u00e4ftigten haben geliefert und liefern, und jetzt ist der Vorstand an der Reihe zu liefern\u00bb, sagte IG-Metall-Bezirksleiter Thorsten Gr\u00f6ger. Gefordert seien tragf\u00e4hige Zukunftsperspektiven f\u00fcr die Standorte.\u00a0\n<\/p>\n<p>Aktuelles<\/p>\n<p>                <a href=\"https:\/\/www.zeit.de\/wirtschaft\/unternehmen\/2026-08\/olaf-lies-volkswagen-oliver-blume-sparkurs-werkschliessungen-gxe\" data-ct-label=\"Volkswagen: Niedersachsens Ministerpr\u00e4sident Olaf Lies warnt vor Werksschlie\u00dfungen\" data-uuid=\"ba5a172a-8724-4935-9a52-e7da1becc955\" rel=\"nofollow noopener\" target=\"_blank\"><\/p>\n<p>                        Volkswagen:<br \/>\n                        Niedersachsens Ministerpr\u00e4sident Olaf Lies warnt vor Werksschlie\u00dfungen<\/p>\n<p>                <\/a><\/p>\n<p>                <a href=\"https:\/\/www.zeit.de\/arbeit\/2026-08\/vw-betriebsrat-daniela-cavallo-oliver-blume-werksschliessungen-kuendigungen-gxe\" data-ct-label=\"Volkswagen: VW-Betriebsrat lehnt betriebsbedingte K\u00fcndigungen ab \" data-uuid=\"648be760-b638-4549-bed1-15bc74de44be\" rel=\"nofollow noopener\" target=\"_blank\"><\/p>\n<p>                        Volkswagen:<br \/>\n                        VW-Betriebsrat lehnt betriebsbedingte K\u00fcndigungen ab <\/p>\n<p>                <\/a><\/p>\n<p>                <a href=\"https:\/\/www.zeit.de\/wirtschaft\/2026-08\/vw-sparkurs-oliver-blume-werke-emden-zwickau-hannover-neckarsulm-stellenabbau-gxe\" data-ct-label=\"VW-Betriebsversammlungen: VW will Management um ein Viertel verkleinern\" data-uuid=\"6a5c1ae6-a450-47c5-b39d-dd0597dfa6bc\" rel=\"nofollow noopener\" target=\"_blank\"><\/p>\n<p>                        VW-Betriebsversammlungen:<br \/>\n                        VW will Management um ein Viertel verkleinern<\/p>\n<p>                <\/a><\/p>\n<p>                    IG Metall: 2024 geschlossene Vereinbarung muss umgesetzt werden            <\/p>\n<p class=\"paragraph article__item\">Die Gewerkschaft suche den Konflikt nicht, sagte Gr\u00f6ger. Bleibe der Vorstand jedoch auf dem aus ihrer Sicht falschen Kurs, werde die IG Metall den Konflikt nicht scheuen und sich darauf vorbereiten. Die 2024 geschlossene Vereinbarung m\u00fcsse umgesetzt werden. Sie sieht nach Gewerkschaftsangaben neben Einschnitten f\u00fcr die Besch\u00e4ftigten eine Besch\u00e4ftigungssicherung bis 2030 sowie Investitionen in Standorte und Produkte vor.\u00a0\n<\/p>\n<p class=\"paragraph article__item\">Nach Angaben des Betriebsrats nahmen rund 5.500 Besch\u00e4ftigte an der nicht \u00f6ffentlichen Versammlung teil. Weitere Mitarbeiter h\u00e4tten aus Platzmangel abgewiesen werden m\u00fcssen. Betriebsratschef Stavros Christidis berichtete von Szenenapplaus und Buhrufen gegen den Vorstand. Die Besch\u00e4ftigten wollten um ihre Arbeitspl\u00e4tze k\u00e4mpfen.\u00a0\n<\/p>\n<p>            Betriebsratschef will Transporter wieder in Hannover bauen            <\/p>\n<p class=\"paragraph article__item\">Christidis warf dem Konzern strategische Fehlentscheidungen und eine unzureichende Kommunikation vor. Vom Auftritt des Finanzvorstands Arno Antlitz habe er sich mehr erwartet. F\u00fcr Hannover forderte Christidis, den Transporter, wie vertraglich vereinbart, nach 2031 wieder am Standort zu bauen.\u00a0\n<\/p>\n<p class=\"paragraph article__item\">Antlitz erkl\u00e4rte dagegen, <a class=\"rtr-entity\" href=\"https:\/\/www.zeit.de\/thema\/volkswagen\" rel=\"nofollow noopener\" target=\"_blank\">Volkswagen<\/a> habe nicht gen\u00fcgend Volumen, um alle europ\u00e4ischen Werke auszulasten. Aus heutiger Sicht gebe es f\u00fcr vier deutsche Standorte keine wirtschaftliche Nachfolgebelegung, wenn die aktuellen Produkte Anfang der 2030er Jahre ausliefen. Dazu geh\u00f6re auch Hannover. Europaweit m\u00fcssten Kapazit\u00e4ten f\u00fcr rund 500.000 Fahrzeuge abgebaut werden. Andernfalls drohe dauerhaft ein Kostennachteil von rund 1,5 Milliarden Euro pro Jahr.\u00a0\n<\/p>\n<p>            Finanzvorstand: Werksschlie\u00dfungen sind teuerste und letzte L\u00f6sung            <\/p>\n<p class=\"paragraph article__item\">Als Belastungen nannte Antlitz unter anderem US-Z\u00f6lle, den Absatzr\u00fcckgang in China und die wachsende Konkurrenz chinesischer Hersteller in Europa. Die Fabrikkosten in Hannover seien trotz Fortschritten weiterhin deutlich h\u00f6her als in anderen europ\u00e4ischen Werken.\u00a0\n<\/p>\n<p class=\"paragraph article__item\">Werksschlie\u00dfungen seien f\u00fcr Volkswagen die teuerste und letzte L\u00f6sung, betonte Antlitz. Sollte eine Nachfolgeproduktion nicht m\u00f6glich sein, wolle der Konzern neue Perspektiven f\u00fcr Besch\u00e4ftigung und industrielle Wertsch\u00f6pfung entwickeln. Entscheidungen sollten nach fairen Kriterien fallen. Alle Standorte bek\u00e4men die gleiche Chance.\n<\/p>\n<p class=\"paragraph article__item\">\u00a9 dpa-infocom, dpa:260831-930-609754\/2<\/p>\n","protected":false},"excerpt":{"rendered":"Nach der Sonder-Betriebsversammlung im Volkswagen-Werk Hannover hat die IG Metall dem Konzern mit Widerstand gegen m\u00f6gliche Einschnitte gedroht.&hellip;\n","protected":false},"author":2,"featured_media":1271854,"comment_status":"","ping_status":"","sticky":false,"template":"","format":"standard","meta":{"footnotes":"","_share_on_mastodon":"0"},"categories":[1836],"tags":[262664,3364,29,30,46,669,262666,262665,15,1411,373,603],"class_list":["post-1271853","post","type-post","status-publish","format-standard","has-post-thumbnail","category-hannover","tag-autobauer-in-der-krise","tag-de","tag-deutschland","tag-germany","tag-hannover","tag-krise","tag-nachfolgebelegung","tag-nachfolgeproduktion","tag-news","tag-niedersachsen","tag-volkswagen","tag-vw"],"share_on_mastodon":{"url":"https:\/\/pubeurope.com\/@de\/117190467757419981","error":""},"_links":{"self":[{"href":"https:\/\/www.europesays.com\/de\/wp-json\/wp\/v2\/posts\/1271853","targetHints":{"allow":["GET"]}}],"collection":[{"href":"https:\/\/www.europesays.com\/de\/wp-json\/wp\/v2\/posts"}],"about":[{"href":"https:\/\/www.europesays.com\/de\/wp-json\/wp\/v2\/types\/post"}],"author":[{"embeddable":true,"href":"https:\/\/www.europesays.com\/de\/wp-json\/wp\/v2\/users\/2"}],"replies":[{"embeddable":true,"href":"https:\/\/www.europesays.com\/de\/wp-json\/wp\/v2\/comments?post=1271853"}],"version-history":[{"count":0,"href":"https:\/\/www.europesays.com\/de\/wp-json\/wp\/v2\/posts\/1271853\/revisions"}],"wp:featuredmedia":[{"embeddable":true,"href":"https:\/\/www.europesays.com\/de\/wp-json\/wp\/v2\/media\/1271854"}],"wp:attachment":[{"href":"https:\/\/www.europesays.com\/de\/wp-json\/wp\/v2\/media?parent=1271853"}],"wp:term":[{"taxonomy":"category","embeddable":true,"href":"https:\/\/www.europesays.com\/de\/wp-json\/wp\/v2\/categories?post=1271853"},{"taxonomy":"post_tag","embeddable":true,"href":"https:\/\/www.europesays.com\/de\/wp-json\/wp\/v2\/tags?post=1271853"}],"curies":[{"name":"wp","href":"https:\/\/api.w.org\/{rel}","templated":true}]}}