{"id":1271863,"date":"2026-08-31T14:05:26","date_gmt":"2026-08-31T14:05:26","guid":{"rendered":"https:\/\/www.europesays.com\/de\/1271863\/"},"modified":"2026-08-31T14:05:26","modified_gmt":"2026-08-31T14:05:26","slug":"immer-weniger-eltern-beteiligen-sich-am-lernen-des-schulwegs-kritik-an-elterntaxis","status":"publish","type":"post","link":"https:\/\/www.europesays.com\/de\/1271863\/","title":{"rendered":"\u201eImmer weniger Eltern beteiligen sich am Lernen des Schulwegs\u201c: Kritik an Elterntaxis"},"content":{"rendered":"<p class=\"rich-text expressive-copy-lg-body my-6\">Fast 6000 Erstkl\u00e4ssler werden in dieser Woche <a href=\"https:\/\/www.waz.de\/lokales\/essen\/\" rel=\"nofollow noopener\" target=\"_blank\">in Essen<\/a> eingeschult. Viele Familien treibt deswegen aktuell der Schulweg der I\u2011D\u00f6tzchen um. Wie kommt der Nachwuchs sicher von zu Hause zur Grundschule? Nicht wenige d\u00fcrften es sein, die im Vorfeld den Weg abgegangen sind, damit die Kinder auf die Gefahren im Stra\u00dfenverkehr vorbereitet sind. Wo ist es eng? Wo geht man am besten \u00fcber die Stra\u00dfe? Wo lohnt es sich, einen Umweg in Kauf zu nehmen?<\/p>\n<ul class=\"list-disc pl-7 [[data-group=summary]_&amp;]:my-0 my-10 [h3+&amp;]:mt-0 expressive-copy-lg\">\n<li class=\"rich-text my-2 pl-1.5\">Die <strong>Lokalredaktion Essen<\/strong> ist auch <strong>bei WhatsApp<\/strong>! Abonnieren Sie hier unseren kostenlosen Kanal: <strong><a data-track-v2-eventname=\"pageElement\" data-track-v2-action=\"Click\" data-track-v2-parentposition=\"Content\" data-track-v2-elementtype=\"Button\" data-track-v2-elementstyle=\"Text\" data-track-v2-label=\"Link Label\" data-track-v2-vendor=\"Internal\" data-track-v2-parent=\"Link List\" data-track-v2-parentlabel=\"Link List\" data-track-v2-elementposition=\"1\" data-track-v2-track-view=\"\" href=\"https:\/\/www.whatsapp.com\/channel\/0029VaNmPLK9xVJlCV8WcH2c\" target=\"_blank\" rel=\"nofollow noopener\">direkt zum Channel<\/a><\/strong>!<\/li>\n<\/ul>\n<p class=\"rich-text expressive-copy-lg-body my-6\">Fragen wie diese scheinen aber immer weniger bei Familien gemeinsam besprochen zu werden. Darauf l\u00e4sst zumindest diese \u00c4u\u00dferung von Carsten Zbink schlie\u00dfen. \u201eImmer weniger Eltern beteiligen sich am Lernen des Schulwegs\u201c, sagt der stellvertretende Leiter der Direktion Verkehr der <a href=\"https:\/\/www.waz.de\/lokales\/essen\/blaulicht-in-essen\/\" rel=\"nofollow noopener\" target=\"_blank\">Essener Polizei<\/a>. Kritik \u00fcbt der Beamte vor allem an den sogenannten Elterntaxis: \u201eSo lernen die Kinder nicht den Schulweg.\u201c Wenn Familien darauf angewiesen seien, das eigene Kind mit dem Auto zur Schule zu bringen, dann sollten sie ihren Nachwuchs \u201enicht vor der T\u00fcr der Grundschule absetzen\u201c, sondern etwas davon entfernt. \u201eDas hat dann vielleicht trotzdem einen kleinen Lerneffekt bei den Kindern.\u201c<\/p>\n<p>\u201eGemeinsam achtsam\u00a0\u2013 Schule hat begonnen\u201c: Slogan in ganz Essen zu sehen<\/p>\n<p class=\"rich-text expressive-copy-lg-body my-6\">Die Worte von Carsten Zbink fallen im Rahmen eines Pressetermins, zu dem <a href=\"https:\/\/www.waz.de\/lokales\/essen\/article412850414\/erster-e-scooter-toter-in-essen-verkehrswacht-will-fahrtrainings-fuer-schueler.html\" data-category-full-path=\"https:\/\/www.waz.de\/lokales\/essen\/\" data-paid-status=\"premium\" data-article-publish-date=\"1786636800\" rel=\"nofollow noopener\" target=\"_blank\">die Verkehrswacht Essen<\/a> in die Zentrale der FUNKE\u2011Mediengruppe \u2013 zu der auch unsere Redaktion geh\u00f6rt \u2013 eingeladen hatte. Seit langer Zeit ruft die Verkehrswacht zusammen mit zahlreichen Kooperationspartnern wie der Westenergie AG dazu auf, besonders dann R\u00fccksicht im Stra\u00dfenverkehr zu nehmen, wenn das neue Schuljahr beginnt. \u201eSeit einigen Jahren haben wir einen neuen Slogan\u201c, sagt Anja L\u00f6hrmann, die Vorsitzende der Essener Verkehrswacht. Dieser lautet: \u201eGemeinsam achtsam\u00a0\u2013 Schule hat begonnen.\u201c<\/p>\n<blockquote class=\"mx-auto my-10 flex flex-col items-center gap-y-4 text-center md:w-[80%]\">\n<p class=\"rich-text expressive-copy-xl text-copy-primary\">Seit einigen Jahren haben wir einen neuen Slogan: Gemeinsam achtsam \u2013 Schule hat begonnen<\/p>\n<p><img decoding=\"async\" src=\"https:\/\/www.europesays.com\/de\/wp-content\/uploads\/2026\/08\/413019098_1788184131_v16_9_1200.jpeg\" class=\"relative z-10 block w-full object-cover aspect-[1\/1] rounded-full\" alt=\"Pressetermin zur Schulanfangsaktion im FUNKE Medienhaus&#10;&#10;&#10;&#10;\" title=\"Anja L\u00f6hrmann.\" fetchpriority=\"high\"\/>Anja L\u00f6hrmann, Vorsitzende der Verkehrswacht Essen<\/p><\/blockquote>\n<p class=\"rich-text expressive-copy-lg-body my-6\">Zu finden sein wird der Slogan circa bis zum 18. September im ganzen Stadtgebiet, unter anderem an 200 Westnetz-Stromverteilerk\u00e4sten. Jede Grundschule hat zudem ein entsprechendes Plakat geschickt bekommen. Zahlreiche digitale Werbefl\u00e4chen werden ihn in der n\u00e4chsten Zeit ebenfalls zeigen\u00a0\u2013 neben den Tafeln der Firma Str\u00f6er auch die gro\u00dfe Newswall der FUNKE\u2011Mediengruppe am Berliner Platz. Viele Fahrschulen haben zugesagt, Aufkleber an ihren Fahrzeugen anzubringen\u00a0\u2013 100 Fahrzeuge sollen es schlussendlich sein.<\/p>\n<p><img decoding=\"async\" src=\"https:\/\/www.europesays.com\/de\/wp-content\/uploads\/2026\/08\/413019055_1788184130_v16_9_1200.jpeg\" class=\"relative z-10 block w-full object-cover aspect-[16\/9] md:aspect-[16\/9] lg:aspect-[16\/9]\" alt=\"Pressetermin zur Schulanfangsaktion im FUNKE Medienhaus&#10;&#10;&#10;&#10;\" title=\"Viele Kooperationspartner der Essener Verkehrswacht sind am Montag (31.8.) bei der FUNKE\u2011Mediengruppe zusammengekommen, um im Rahmen eines Pressetermins auf den Schulstart aufmerksam zu machen.\" loading=\"lazy\"\/><\/p>\n<p>Viele Kooperationspartner der Essener Verkehrswacht sind am Montag (31.8.) bei der FUNKE\u2011Mediengruppe zusammengekommen, um im Rahmen eines Pressetermins auf den Schulstart aufmerksam zu machen.\u00a9 FUNKE Foto Services | Vladimir Wegener<\/p>\n<p>Ruhrbahn-Busse mit Slogan<\/p>\n<p class=\"rich-text expressive-copy-lg-body my-6\">Ebenso soll der Slogan 60 Fahrzeuge des Amtes f\u00fcr Stra\u00dfen und Verkehr zieren, genauso wie 240 Busse der Ruhrbahn. Auch die Messe Essen beteiligt sich. Vor der Grugahalle soll ein \u201eMegalight\u201c auf den Schulstart aufmerksam machen. Plakate sollen auch an umliegenden Bushaltestellen sowie im Foyer der Messe aufgeh\u00e4ngt werden.<\/p>\n<p class=\"rich-text expressive-copy-lg-body my-6\">\u201eEs ist wichtig, dass man auch im Stra\u00dfenverkehr sieht, dass es losgeht\u201c, sagt Essens B\u00fcrgermeisterin Julia Jacob, die w\u00e4hrend des Pressetermins am Montag (31.8.) verr\u00e4t, dass auch ihr Neffe zu den fast 6000 Schulkindern geh\u00f6rt, die fortan die Schulbank dr\u00fccken werden. Auch Julia Jacob macht wie der Polizeibeamte Carsten Zbink darauf aufmerksam, dass es an den Erwachsenen liegt, den Nachwuchs auf einen sicheren Schulweg vorzubereiten. \u201eEs liegt an uns, dass die Kinder sicher zur Schule kommen.\u201c<\/p>\n<p class=\"rich-text expressive-copy-lg-body my-6\">Ganz generell hei\u00dft es <a href=\"https:\/\/www.waz.de\/lokales\/essen\/article412850414\/erster-e-scooter-toter-in-essen-verkehrswacht-will-fahrtrainings-fuer-schueler.html\" data-category-full-path=\"https:\/\/www.waz.de\/lokales\/essen\/\" data-paid-status=\"premium\" data-article-publish-date=\"1786636800\" rel=\"nofollow noopener\" target=\"_blank\">seitens der Verkehrswacht<\/a>, die im n\u00e4chsten Jahr ihren 100. Geburtstag feiert: \u201eLernen die Kinder beim \u00dcben des Schulwegs, dass sie mit den Fehlern der anderen rechnen m\u00fcssen, so m\u00fcssen alle anderen f\u00fcr einen Stra\u00dfenverkehr sorgen, der Fehler verzeiht, die die Kinder aufgrund ihrer Unerfahrenheit machen.\u201c<\/p>\n","protected":false},"excerpt":{"rendered":"Fast 6000 Erstkl\u00e4ssler werden in dieser Woche in Essen eingeschult. Viele Familien treibt deswegen aktuell der Schulweg der&hellip;\n","protected":false},"author":2,"featured_media":1271864,"comment_status":"","ping_status":"","sticky":false,"template":"","format":"standard","meta":{"footnotes":"","_share_on_mastodon":"0"},"categories":[1834],"tags":[3364,29,3688,30,1209],"class_list":["post-1271863","post","type-post","status-publish","format-standard","has-post-thumbnail","category-essen","tag-de","tag-deutschland","tag-essen","tag-germany","tag-nordrhein-westfalen"],"share_on_mastodon":{"url":"https:\/\/pubeurope.com\/@de\/117190509702459373","error":""},"_links":{"self":[{"href":"https:\/\/www.europesays.com\/de\/wp-json\/wp\/v2\/posts\/1271863","targetHints":{"allow":["GET"]}}],"collection":[{"href":"https:\/\/www.europesays.com\/de\/wp-json\/wp\/v2\/posts"}],"about":[{"href":"https:\/\/www.europesays.com\/de\/wp-json\/wp\/v2\/types\/post"}],"author":[{"embeddable":true,"href":"https:\/\/www.europesays.com\/de\/wp-json\/wp\/v2\/users\/2"}],"replies":[{"embeddable":true,"href":"https:\/\/www.europesays.com\/de\/wp-json\/wp\/v2\/comments?post=1271863"}],"version-history":[{"count":0,"href":"https:\/\/www.europesays.com\/de\/wp-json\/wp\/v2\/posts\/1271863\/revisions"}],"wp:featuredmedia":[{"embeddable":true,"href":"https:\/\/www.europesays.com\/de\/wp-json\/wp\/v2\/media\/1271864"}],"wp:attachment":[{"href":"https:\/\/www.europesays.com\/de\/wp-json\/wp\/v2\/media?parent=1271863"}],"wp:term":[{"taxonomy":"category","embeddable":true,"href":"https:\/\/www.europesays.com\/de\/wp-json\/wp\/v2\/categories?post=1271863"},{"taxonomy":"post_tag","embeddable":true,"href":"https:\/\/www.europesays.com\/de\/wp-json\/wp\/v2\/tags?post=1271863"}],"curies":[{"name":"wp","href":"https:\/\/api.w.org\/{rel}","templated":true}]}}