{"id":1271865,"date":"2026-08-31T14:06:21","date_gmt":"2026-08-31T14:06:21","guid":{"rendered":"https:\/\/www.europesays.com\/de\/1271865\/"},"modified":"2026-08-31T14:06:21","modified_gmt":"2026-08-31T14:06:21","slug":"ende-offen-bahnstoerungen-zwischen-bochum-und-essen-durch-kabelklau","status":"publish","type":"post","link":"https:\/\/www.europesays.com\/de\/1271865\/","title":{"rendered":"Ende offen: Bahnst\u00f6rungen zwischen Bochum und Essen durch Kabelklau"},"content":{"rendered":"<p class=\"richtext text-em-55 !leading-serif mx-6 desktop:mx-0\">Unbekannte haben an der zentralen Bahnstrecke zwischen <a href=\"https:\/\/rp-online.de\/thema\/bochum\/\" rel=\"nofollow noopener\" target=\"_blank\">Bochum<\/a> und Essen Kabel gestohlen &#8211; und damit stundenlange St\u00f6rungen im regionalen und \u00fcberregionalen Zugverkehr verursacht. Alle ICE-Z\u00fcge zwischen Dortmund und Essen mit planm\u00e4\u00dfigem Halt am Bochumer Hauptbahnhof wurden seit dem fr\u00fchen Morgen in beide Fahrtrichtungen umgeleitet, weil der Stopp am Hbf Bochum entfallen muss, wie es bei der Deutschen Bahn hie\u00df. Die <a href=\"https:\/\/rp-online.de\/thema\/ice\/\" rel=\"nofollow noopener\" target=\"_blank\">ICE<\/a> versp\u00e4teten sich demnach um etwa 15 Minuten.<\/p>\n<p class=\"richtext text-em-55 !leading-serif mx-6 desktop:mx-0\">Vor allem der Regionalverkehr zwischen Bochum und Essener Hauptbahnhof war mit Ausf\u00e4llen, Teilausf\u00e4llen und Versp\u00e4tungen auch am Nachmittag weiter betroffen. Laut Infoportal Zuginfo.NRW waren Fahrg\u00e4ste schon seit dem fr\u00fchen Morgen mit Beeintr\u00e4chtigungen \u201eauf dem kompletten Laufweg\u201c konfrontiert. Die St\u00f6rungen k\u00f6nnten bis in den Abend andauern. Betroffene waren die RE1, RE6, RE11 und RE16 sowie die RB49 und die S-Bahn-Linie 1.<\/p>\n<p>Deutsche Bahn: Reparaturen nach Kabelklau zeitintensiv      <\/p>\n<p class=\"richtext text-em-55 !leading-serif mx-6 desktop:mx-0\">\u201eEntlang der Strecke zwischen Bochum und Essen haben Unbekannte Kabel gestohlen. Dabei handelt es sich um Kabel, die f\u00fcr einen sicheren und zuverl\u00e4ssigen Bahnbetrieb unerl\u00e4sslich sind\u201c, teilte ein Sprecher der Deutschen Bahn mit. Der Streckenabschnitt zwischen Essen und Bochum sei daher aus Sicherheitsgr\u00fcnden gesperrt worden.<\/p>\n<p class=\"richtext text-em-55 !leading-serif mx-6 desktop:mx-0\">Der DB-Sprecher betonte: \u201eUnsere Fachleute arbeiten seit Beginn der St\u00f6rung am Sonntag unter gro\u00dfem Einsatz daran, die durch den Kabeldiebstahl verursachten Sch\u00e4den so schnell wie m\u00f6glich zu beheben.\u201c Das sei aufwendig und zeitintensiv. Die besch\u00e4digten Kabel mit vielen Adern m\u00fcssten an mehreren Stellen von Hand wieder miteinander verbunden werden.<\/p>\n<p>Bundespolizei ermittelt vor Ort      <\/p>\n<p class=\"richtext text-em-55 !leading-serif mx-6 desktop:mx-0\">Die Bundespolizei ermittelt \u201ewegen Diebstahls in einem besonders schweren Fall\u201c, wie ein Sprecher auf Anfrage berichtete. Man habe in der Nacht zu Montag gegen 01.00 Uhr mit Erhalt der DB-St\u00f6rungsmeldung den Abschnitt gesperrt und \u201eunsere Ma\u00dfnahmen vor Ort begonnen\u201c, schilderte der Bundespolizei-Sprecher.<\/p>\n<p class=\"richtext text-em-55 !leading-serif mx-6 desktop:mx-0\">Es seien in der N\u00e4he von Essen-Steele Ost rund 15 Meter Kupferkabel \u201egetrennt und entwendet worden\u201c. Hinweise auf den oder die T\u00e4ter gebe es bisher nicht, Spuren w\u00fcrden gesichert.<\/p>\n<p>Bus statt Bahn bei mehreren regionalen Linien      <\/p>\n<p class=\"richtext text-em-55 !leading-serif mx-6 desktop:mx-0\">Laut Zuginfo.NRW wurden bei den Linien RE1, RE6 und RE11 Z\u00fcge in beiden Fahrtrichtungen die Z\u00fcge zwischen dem Essener und dem Dortmunder Hbf mit Halt in Gelsenkirchen Hbf und Herne umgeleitet. Die Halte in Wattenscheid und Bochum Hbf mussten ausfallen, Fahrg\u00e4ste auf Ersatzbusse umsteigen.<\/p>\n<p class=\"richtext text-em-55 !leading-serif mx-6 desktop:mx-0\">Z\u00fcge des RE16 und des RE40 aus Richtung Hagen endeten und starteten am Hauptbahnhof in Bochum, der Abschnitt Bochum-Essen entfiel. Reisende sollten angesichts der Teilausf\u00e4lle auf den eingerichteten Ersatz-Busverkehr ausweichen.<\/p>\n","protected":false},"excerpt":{"rendered":"Unbekannte haben an der zentralen Bahnstrecke zwischen Bochum und Essen Kabel gestohlen &#8211; und damit stundenlange St\u00f6rungen im&hellip;\n","protected":false},"author":2,"featured_media":1271866,"comment_status":"","ping_status":"","sticky":false,"template":"","format":"standard","meta":{"footnotes":"","_share_on_mastodon":"0"},"categories":[1834],"tags":[1739,85343,2226,2227,7507,3364,29,3688,30,5783,3601,10270,19108,27315,152240,108190,1209,6191,5530,17911,2869],"class_list":["post-1271865","post","type-post","status-publish","format-standard","has-post-thumbnail","category-essen","tag-bahn","tag-bahnbetrieb","tag-bahnstrecke","tag-bahnverkehr","tag-bochum","tag-de","tag-deutschland","tag-essen","tag-germany","tag-gesperrt","tag-hauptbahnhof","tag-hbf","tag-kabel","tag-kabeldiebstahl","tag-kabelklau","tag-kupferkabel","tag-nordrhein-westfalen","tag-strecke","tag-unbekannte","tag-zuege","tag-zugverkehr"],"share_on_mastodon":{"url":"https:\/\/pubeurope.com\/@de\/117190510999335736","error":""},"_links":{"self":[{"href":"https:\/\/www.europesays.com\/de\/wp-json\/wp\/v2\/posts\/1271865","targetHints":{"allow":["GET"]}}],"collection":[{"href":"https:\/\/www.europesays.com\/de\/wp-json\/wp\/v2\/posts"}],"about":[{"href":"https:\/\/www.europesays.com\/de\/wp-json\/wp\/v2\/types\/post"}],"author":[{"embeddable":true,"href":"https:\/\/www.europesays.com\/de\/wp-json\/wp\/v2\/users\/2"}],"replies":[{"embeddable":true,"href":"https:\/\/www.europesays.com\/de\/wp-json\/wp\/v2\/comments?post=1271865"}],"version-history":[{"count":0,"href":"https:\/\/www.europesays.com\/de\/wp-json\/wp\/v2\/posts\/1271865\/revisions"}],"wp:featuredmedia":[{"embeddable":true,"href":"https:\/\/www.europesays.com\/de\/wp-json\/wp\/v2\/media\/1271866"}],"wp:attachment":[{"href":"https:\/\/www.europesays.com\/de\/wp-json\/wp\/v2\/media?parent=1271865"}],"wp:term":[{"taxonomy":"category","embeddable":true,"href":"https:\/\/www.europesays.com\/de\/wp-json\/wp\/v2\/categories?post=1271865"},{"taxonomy":"post_tag","embeddable":true,"href":"https:\/\/www.europesays.com\/de\/wp-json\/wp\/v2\/tags?post=1271865"}],"curies":[{"name":"wp","href":"https:\/\/api.w.org\/{rel}","templated":true}]}}