{"id":1271888,"date":"2026-08-31T14:24:17","date_gmt":"2026-08-31T14:24:17","guid":{"rendered":"https:\/\/www.europesays.com\/de\/1271888\/"},"modified":"2026-08-31T14:24:17","modified_gmt":"2026-08-31T14:24:17","slug":"erinnerungen-erleben-lilly-kommt-mit-pop-up-event-zu-gehirngesundheit-nach-koeln","status":"publish","type":"post","link":"https:\/\/www.europesays.com\/de\/1271888\/","title":{"rendered":"Erinnerungen erleben \/ Lilly kommt mit Pop-up-Event zu Gehirngesundheit nach K\u00f6ln"},"content":{"rendered":"<p class=\"date\">31.08.2026 \u2013 15:46<\/p>\n<p class=\"customer\">\n                        <a class=\"story-customer\" title=\"weiter zum newsroom von Lilly Deutschland\" href=\"https:\/\/www.presseportal.de\/nr\/19840\" rel=\"nofollow noopener\" target=\"_blank\">Lilly Deutschland<\/a>\n                    <\/p>\n<p><a class=\"glightbox event-trigger\" href=\"https:\/\/cache.pressmailing.net\/thumbnail\/story_hires\/863e417b-3174-491d-9c07-9f8065726cee\/3%20Eli%20Lilly%20and%20Comp~red%20in%20MoMA%20NYC.JPG.jpg\" data-description=\"Memory Radio Station - Bildmotiv mithilfe generativer KI erzeugt. \/ Weiterer Text \u00fcber ots und www.presseportal.de\/nr\/19840 \/ Die Verwendung dieses Bildes f\u00fcr redaktionelle Zwecke ist unter Beachtung aller mitgeteilten Nutzungsbedingungen zul\u00e4ssig und dann auch honorarfrei. Ver\u00f6ffentlichung ausschlie\u00dflich mit Bildrechte-Hinweis.\" data-category=\"medialightbox\" data-action=\"click\" data-label=\"single\" data-value=\"6a9581c0270000fd2cbf0b5e\" rel=\"nofollow noopener\" target=\"_blank\"><img decoding=\"async\" height=\"540\" with=\"720\" src=\"https:\/\/www.europesays.com\/de\/wp-content\/uploads\/2026\/08\/erinnerungen-erleben-lilly-kommt-mit-pop-up-event-zu-gehirngesundheit-nach-k-ln.jpeg\"   alt=\"Erinnerungen erleben \/ Lilly kommt mit Pop-up-Event zu Gehirngesundheit nach K\u00f6ln\" class=\"single\"\/><\/a><\/p>\n<p><a data-category=\"citylink-story-view\" data-action=\"click\" data-label=\"Citylink in Meldungsansicht\" class=\"story-city event-trigger\" href=\"https:\/\/www.presseportal.de\/regional\/Bad%20Homburg%252FK%F6ln\" title=\"News aus Bad Homburg\/K\u00f6ln \" rel=\"nofollow noopener\" target=\"_blank\">Bad Homburg\/K\u00f6ln<\/a> (ots)<\/p>\n<p><b>Unsere Erinnerungen machen uns zu dem, wer wir sind. Die Kampagne &#8222;Bevor Du es vergisst&#8220; von Lilly Deutschland r\u00fcckt das Thema Gehirngesundheit in den Fokus und zeigt: Wir k\u00f6nnen kognitivem Abbau aktiv entgegenwirken. Um das Thema greifbar zu machen, l\u00e4dt die Kampagne vom 25. bis 29.09.2026 zu einem Pop-up-Event in den Mediapark K\u00f6ln ein.<\/b><\/p>\n<p> Wenn vertraute Routineaufgaben pl\u00f6tzlich aber kaum zu bew\u00e4ltigen sind oder die Orientierung schwindet, k\u00f6nnen das erste Anzeichen f\u00fcr eine m\u00f6gliche demenzielle Erkrankung sein.[1] Doch vielen Menschen ist gar nicht bewusst, dass wir aktiv vorsorgen k\u00f6nnen. Genau hier setzt die bundesweite Aufkl\u00e4rungskampagne &#8222;Bevor Du es vergisst&#8220; von Lilly an, um ein neues Bewusstsein f\u00fcr Gehirngesundheit zu schaffen und \u00fcber die Chancen der Pr\u00e4vention aufzukl\u00e4ren: Expert:innen gehen davon aus, dass bis zu 45 % der Demenzf\u00e4lle durch 14 beeinflussbare Risikofaktoren potenziell verhindert oder verz\u00f6gert werden k\u00f6nnten.[2] <\/p>\n<p><b>Erinnerungen sichtbar machen in K\u00f6ln<\/b><\/p>\n<p> Um zu zeigen, dass jede Erinnerung es wert ist, fr\u00fchzeitig zu handeln, l\u00e4dt Lilly vom 25. bis 29. September zu einem Pop-up-Event auf dem Platz im Mediapark K\u00f6ln ein. Herzst\u00fcck der Aktion ist die &#8222;Memory Radio Station&#8220;: Das reisende Kunst- und Technologieprojekt nutzt k\u00fcnstliche Intelligenz, um pers\u00f6nliche Geschichten der Besucher:innen in Bilder zu verwandeln und so Erinnerungen, die verloren zu gehen drohen, visuell f\u00fcr die Zukunft zu bewahren. Die Installation verdeutlicht, wie wertvoll und zugleich zerbrechlich unsere Erinnerungen sind. G\u00e4ste sollen so angeregt werden, \u00fcber die Momente nachzudenken, die sie pr\u00e4gen, um ein fr\u00fchzeitiges Handeln bei Ged\u00e4chtnisproblemen zu f\u00f6rdern. <\/p>\n<p> Interessierte sind herzlich eingeladen, die &#8222;Memory Radio Station&#8220; zu testen und eine Reise in die Vergangenheit zu unternehmen. <\/p>\n<p><b>Eigenverantwortung st\u00e4rken und informieren<\/b><\/p>\n<p> Auch \u00fcber die Veranstaltung hinaus informiert die Kampagne &#8222;Bevor Du es vergisst&#8220; umfassend \u00fcber Pr\u00e4vention. Auf der zentralen Website  <a target=\"_blank\" class=\"uri-ext outbound\" rel=\"noopener nofollow\" href=\"http:\/\/www.meine-gehirngesundheit.de\">www.meine-gehirngesundheit.de<\/a> finden Interessierte alltagstaugliche Tipps sowie weiterf\u00fchrende Informationen, um das Thema Gehirngesundheit aktiv in den Alltag zu integrieren. Unser Gehirn tr\u00e4gt uns ein Leben lang &#8211; ein guter Grund, ihm fr\u00fchzeitig die n\u00f6tige Beachtung zu schenken. <\/p>\n<p> CMAT-47945 August 2026 <\/p>\n<p><b>\u00dcber Lilly<\/b><\/p>\n<p> Lilly verbindet F\u00fcrsorge mit Forschergeist, um Medikamente zu entwickeln, die das Leben von Menschen verbessern. Seit fast 150 Jahren leisten wir Pionierarbeit, erzielen wissenschaftliche Durchbr\u00fcche und haben Therapieoptionen f\u00fcr einige der schwierigsten Gesundheitsprobleme gefunden. Heute helfen unsere Medikamente Millionen von Menschen auf der ganzen Welt. <\/p>\n<p> Mit Erkenntnissen aus den Bereichen Biotechnologie, Chemie und Genetik treiben unsere Wissenschaftler:innen neue Entdeckungen voran, um einige der gr\u00f6\u00dften gesundheitlichen Herausforderungen der Welt zu l\u00f6sen. So arbeiten sie daran, die Behandlung von Diabetes immer weiter zu optimieren, Adipositas zu behandeln und deren gravierende Langzeitfolgen einzud\u00e4mmen, den Kampf gegen die Alzheimer-Krankheit voranzubringen, L\u00f6sungen f\u00fcr folgenschwere St\u00f6rungen des Immunsystems zu finden und schwer zu behandelnde Krebsarten in beherrschbare Krankheiten zu verwandeln. <\/p>\n<p> Bei jedem Schritt auf dem Weg zu einer ges\u00fcnderen Welt geht es uns vor allem um eines: das Leben von Millionen Menschen zu verbessern. Das bedeutet auch, dass wir klinische Studien durchf\u00fchren, die die Vielfalt unserer Welt abbilden. Und wir setzen uns daf\u00fcr ein, dass unsere Medikamente weltweit zug\u00e4nglich und bezahlbar sind. <\/p>\n<p> Weitere Informationen \u00fcber Lilly Deutschland finden Sie hier: <\/p>\n<p> <a target=\"_blank\" class=\"uri-ext outbound\" rel=\"noopener nofollow\" href=\"https:\/\/www.lilly.com\/de\">www.lilly.com\/de<\/a><\/p>\n<p> <a target=\"_blank\" class=\"uri-ext outbound\" rel=\"noopener nofollow\" href=\"https:\/\/www.linkedin.com\/showcase\/lilly-deutschland\/\">www.linkedin.com\/showcase\/lilly-deutschland<\/a><\/p>\n<p>PP-MG-DE-2236<\/p>\n<p> [1] Kluckert, C.; H\u00fcll, M. (2026): Demenzpr\u00e4vention. Neurologie up2date, 09(01), 81-101. Georg Thieme Verlag. <\/p>\n<p> [2] Livingston, G. et al. (2024): Dementia prevention, intervention, and care: 2024 report of the Lancet standing Commission. The Lancet, 404(10452), 572-628. Elsevier. <\/p>\n<p class=\"contact-headline\">Pressekontakt:<\/p>\n<p class=\"contact-text\">Weber Shandwick<br \/>Speicherstra\u00dfe 59<br \/>60327 Frankfurt am Main<br \/>Name:  Maria Seigner<br \/>B\u00fcro:     0151-58204360<br \/>eMail:    <a href=\"https:\/\/www.presseportal.de\/pm\/19840\/mailto:maria.seigner@omc.com\" class=\"uri-mailto\" rel=\"nofollow noopener\" target=\"_blank\">maria.seigner@omc.com<\/a><br \/>Lilly Deutschland GmbH<br \/>Werner-Reimers-Stra\u00dfe 2-4<br \/>61352 Bad Homburg<br \/><a target=\"_blank\" class=\"uri-ext outbound\" rel=\"noopener nofollow\" href=\"https:\/\/www.lilly.com\/de\">www.lilly.com\/de<\/a><br \/>Pressestelle<br \/>B\u00fcro:     06172 273-2738<br \/>eMail:    <a href=\"https:\/\/www.presseportal.de\/pm\/19840\/mailto:pressestelle@lilly.com\" class=\"uri-mailto\" rel=\"nofollow noopener\" target=\"_blank\">pressestelle@lilly.com<\/a><\/p>\n<p class=\"originator\">Original-Content von: Lilly Deutschland, \u00fcbermittelt durch news aktuell<\/p>\n","protected":false},"excerpt":{"rendered":"31.08.2026 \u2013 15:46 Lilly Deutschland Bad Homburg\/K\u00f6ln (ots) Unsere Erinnerungen machen uns zu dem, wer wir sind. Die&hellip;\n","protected":false},"author":2,"featured_media":1271889,"comment_status":"","ping_status":"","sticky":false,"template":"","format":"standard","meta":{"footnotes":"","_share_on_mastodon":"0"},"categories":[1828],"tags":[262679,3477,1051,29,141234,30,141,197,36005,1420,1209,6802,178,180,179,181,11748,18867,3699],"class_list":["post-1271888","post","type-post","status-publish","format-standard","has-post-thumbnail","category-koeln","tag-bevor-du-es-vergisst","tag-bild","tag-demenz","tag-deutschland","tag-gehirngesundheit","tag-germany","tag-gesundheit","tag-installation","tag-kampagne","tag-koeln","tag-nordrhein-westfalen","tag-pharmaindustrie","tag-presse","tag-pressemeldung","tag-pressemitteilung","tag-pressemitteilungen","tag-studie","tag-terminvorschau","tag-veranstaltung"],"share_on_mastodon":{"url":"https:\/\/pubeurope.com\/@de\/117190584118531005","error":""},"_links":{"self":[{"href":"https:\/\/www.europesays.com\/de\/wp-json\/wp\/v2\/posts\/1271888","targetHints":{"allow":["GET"]}}],"collection":[{"href":"https:\/\/www.europesays.com\/de\/wp-json\/wp\/v2\/posts"}],"about":[{"href":"https:\/\/www.europesays.com\/de\/wp-json\/wp\/v2\/types\/post"}],"author":[{"embeddable":true,"href":"https:\/\/www.europesays.com\/de\/wp-json\/wp\/v2\/users\/2"}],"replies":[{"embeddable":true,"href":"https:\/\/www.europesays.com\/de\/wp-json\/wp\/v2\/comments?post=1271888"}],"version-history":[{"count":0,"href":"https:\/\/www.europesays.com\/de\/wp-json\/wp\/v2\/posts\/1271888\/revisions"}],"wp:featuredmedia":[{"embeddable":true,"href":"https:\/\/www.europesays.com\/de\/wp-json\/wp\/v2\/media\/1271889"}],"wp:attachment":[{"href":"https:\/\/www.europesays.com\/de\/wp-json\/wp\/v2\/media?parent=1271888"}],"wp:term":[{"taxonomy":"category","embeddable":true,"href":"https:\/\/www.europesays.com\/de\/wp-json\/wp\/v2\/categories?post=1271888"},{"taxonomy":"post_tag","embeddable":true,"href":"https:\/\/www.europesays.com\/de\/wp-json\/wp\/v2\/tags?post=1271888"}],"curies":[{"name":"wp","href":"https:\/\/api.w.org\/{rel}","templated":true}]}}