{"id":1271906,"date":"2026-08-31T14:36:18","date_gmt":"2026-08-31T14:36:18","guid":{"rendered":"https:\/\/www.europesays.com\/de\/1271906\/"},"modified":"2026-08-31T14:36:18","modified_gmt":"2026-08-31T14:36:18","slug":"es-war-eine-krass-bedrohliche-situation-mann-beleidigt-gruenenpolitiker-in-berlin-antisemitisch","status":"publish","type":"post","link":"https:\/\/www.europesays.com\/de\/1271906\/","title":{"rendered":"\u201eEs war eine krass bedrohliche Situation\u201c: Mann beleidigt Gr\u00fcnenpolitiker in Berlin antisemitisch"},"content":{"rendered":"<p class=\"tspCJpg tspCJph\">Der Gr\u00fcnenpolitiker Daniel Eliasson ist in Steglitz-Zehlendorf antisemitisch angegriffen worden. \u00dcber den Vorfall berichtet Eliasson in einem Instagram-Video. Er tritt als Direktkandidat in seinem Bezirk f\u00fcr die Berlin-Wahl am 20. September an. Ob bei der Polizei schon eine Anzeige eingegangen ist, konnte ein Sprecher der Polizei vorerst nicht best\u00e4tigen.<\/p>\n<p class=\"tspCJpg\">In dem Video berichtet der Politiker, er habe gerade vor einem Supermarkt in Steglitz Wahlkampf gemacht und Flyer verteilt, als ihn ein Mann ansprach. Zun\u00e4chst habe der Mann seinen Unmut ausgedr\u00fcckt dar\u00fcber, was alles falsch l\u00e4uft in der Politik. Dann soll er pl\u00f6tzlich begonnen haben, \u00fcber Juden herzuziehen und diese zu beschimpfen.<\/p>\n<p class=\"tspALhv\">Empfohlener redaktioneller Inhalt<\/p>\n<p> An dieser Stelle finden Sie einen von unseren Redakteuren ausgew\u00e4hlten, externen Inhalt, der den Artikel f\u00fcr Sie mit zus\u00e4tzlichen Informationen anreichert. Sie k\u00f6nnen sich hier den externen Inhalt mit einem Klick anzeigen lassen oder wieder ausblenden. <\/p>\n<p> Externen Inhalt anzeigen <\/p>\n<p class=\"tspALh1\"> Ich bin damit einverstanden, dass mir der externe Inhalt angezeigt wird. Damit k\u00f6nnen personenbezogene Daten an Drittplattformen \u00fcbermittelt werden.  Mehr Informationen dazu erhalten Sie in den Datenschutz-Einstellungen. Diese finden Sie ganz unten auf unserer Seite im Footer, sodass Sie Ihre Einstellungen jederzeit verwalten oder widerrufen k\u00f6nnen. <\/p>\n<p class=\"tspCJpg\">Als Eliasson ihn bat, damit aufzuh\u00f6ren, und sagte, dass er selbst j\u00fcdisch sei, soll der Mann versucht haben, ihm ins Gesicht zu schlagen. Er verfehlte sein Gesicht aber knapp. \u201eEs war eine krass bedrohliche Situation\u201c, sagt Eliasson in dem Video. Der Vorfall zeige, wie stark Antisemitismus in Berlin ein Problem sei\u00a0\u2013 zu Angriffen komme es \u00fcberall\u00a0\u2013 egal ob in Steglitz oder Neuk\u00f6lln. (Tsp)<\/p>\n","protected":false},"excerpt":{"rendered":"Der Gr\u00fcnenpolitiker Daniel Eliasson ist in Steglitz-Zehlendorf antisemitisch angegriffen worden. \u00dcber den Vorfall berichtet Eliasson in einem Instagram-Video.&hellip;\n","protected":false},"author":2,"featured_media":1271907,"comment_status":"","ping_status":"","sticky":false,"template":"","format":"standard","meta":{"footnotes":"","_share_on_mastodon":"0"},"categories":[1825],"tags":[296,258021,29,30,152],"class_list":["post-1271906","post","type-post","status-publish","format-standard","has-post-thumbnail","category-berlin","tag-berlin","tag-berlin-wahl-2026","tag-deutschland","tag-germany","tag-instagram"],"share_on_mastodon":{"url":"","error":""},"_links":{"self":[{"href":"https:\/\/www.europesays.com\/de\/wp-json\/wp\/v2\/posts\/1271906","targetHints":{"allow":["GET"]}}],"collection":[{"href":"https:\/\/www.europesays.com\/de\/wp-json\/wp\/v2\/posts"}],"about":[{"href":"https:\/\/www.europesays.com\/de\/wp-json\/wp\/v2\/types\/post"}],"author":[{"embeddable":true,"href":"https:\/\/www.europesays.com\/de\/wp-json\/wp\/v2\/users\/2"}],"replies":[{"embeddable":true,"href":"https:\/\/www.europesays.com\/de\/wp-json\/wp\/v2\/comments?post=1271906"}],"version-history":[{"count":0,"href":"https:\/\/www.europesays.com\/de\/wp-json\/wp\/v2\/posts\/1271906\/revisions"}],"wp:featuredmedia":[{"embeddable":true,"href":"https:\/\/www.europesays.com\/de\/wp-json\/wp\/v2\/media\/1271907"}],"wp:attachment":[{"href":"https:\/\/www.europesays.com\/de\/wp-json\/wp\/v2\/media?parent=1271906"}],"wp:term":[{"taxonomy":"category","embeddable":true,"href":"https:\/\/www.europesays.com\/de\/wp-json\/wp\/v2\/categories?post=1271906"},{"taxonomy":"post_tag","embeddable":true,"href":"https:\/\/www.europesays.com\/de\/wp-json\/wp\/v2\/tags?post=1271906"}],"curies":[{"name":"wp","href":"https:\/\/api.w.org\/{rel}","templated":true}]}}