{"id":1271924,"date":"2026-08-31T14:47:17","date_gmt":"2026-08-31T14:47:17","guid":{"rendered":"https:\/\/www.europesays.com\/de\/1271924\/"},"modified":"2026-08-31T14:47:17","modified_gmt":"2026-08-31T14:47:17","slug":"vorsicht-bei-der-installation-dieses-wichtigen-windows-updates-microsoft-bestaetigt-probleme-pc-welt","status":"publish","type":"post","link":"https:\/\/www.europesays.com\/de\/1271924\/","title":{"rendered":"Vorsicht bei der Installation dieses wichtigen Windows-Updates \u2013 Microsoft best\u00e4tigt Probleme \u2013 PC-WELT"},"content":{"rendered":"<p class=\"wp-block-paragraph\">Microsoft schreibt dazu (Update 31.8.): <\/p>\n<blockquote class=\"wp-block-quote is-layout-flow wp-block-quote-is-layout-flow\">\n<p class=\"wp-block-paragraph\">Microsoft liegen Berichte vor, wonach die Einstellungen zur Anpassung des Mauszeigers ge\u00e4ndert oder auf bestimmte Standardeinstellungen zur\u00fcckgesetzt werden. Dies tritt nach der Installation von Windows-Updates auf, die am 27. August 2026 (KB5120998) oder sp\u00e4ter ver\u00f6ffentlicht wurden.<\/p>\n<p class=\"wp-block-paragraph\">Das Problem f\u00fchrt Berichten zufolge zu Darstellungsfehlern und zeitweiligen \u00c4nderungen der Animationen. In einigen Berichten wird erw\u00e4hnt, dass Mauszeiger mit hoher DPI-Aufl\u00f6sung durch gr\u00f6\u00dfere, wei\u00dfe Mauszeiger ersetzt werden und benutzerdefinierte Mauszeigeranimationen auf die Standardeinstellungen zur\u00fcckgesetzt werden. Versuche, die vorherigen Anpassungen des Mauszeigers wiederherzustellen, sind Berichten zufolge erfolglos.<\/p>\n<p class=\"wp-block-paragraph\">Wenn dieses oder ein \u00e4hnliches Problem bei Ihnen auftritt, reichen Sie bitte \u00fcber den Feedback-Hub einen Bericht ein. Wir pr\u00fcfen derzeit, ob es sich hierbei um ein von Microsoft verursachtes Problem handelt. Wir werden Sie auf dem Laufenden halten, sobald weitere Informationen vorliegen.<\/p>\n<\/blockquote>\n<p class=\"wp-block-paragraph\">Betroffen sind laut Microsoft folgende Systeme: Windows 11 Version 25H2 und Windows 11 Version 24H2.<\/p>\n<p class=\"wp-block-paragraph\">Das zweite Problem, \u00fcber das sich derzeit viele Nutzer nach der Installation von KB5120998 beschweren, betrifft den Desktop-Hintergrund, der durch das Update anscheinend gel\u00f6scht und durch eine einheitliche schwarze Farbe ersetzt wurde: \u201eSowohl auf meinem Desktop-PC als auch auf meinem Laptop wurde nach der Installation ein schwarzer Hintergrund angezeigt, sodass ich meinen eigenen wieder einrichten musste\u201c, schrieb ein Nutzer auf Reddit, dem viele andere Nutzer zustimmten.<\/p>\n<p class=\"wp-block-paragraph\">Wichtig: Nicht auf allen Windows-Rechnern treten diese Probleme auf. Viele Nutzer berichten, dass sie nach der Installation des optionalen Updates keine Probleme auf ihren Windows-11-Rechnern bemerken w\u00fcrden. Da aber derzeit nicht bekannt ist, wodurch die Probleme verursacht werden, ist es vermutlich die bessere Entscheidung, wenn Sie bis auf Weiteres auf die Installation von KB5120998 verzichten.<\/p>\n<p class=\"wp-block-paragraph\">KB5120998 bringt mehrere neue Anpassungsm\u00f6glichkeiten f\u00fcr Windows 11. Besonders die Taskleiste wird wieder deutlich flexibler. <a href=\"https:\/\/www.pcwelt.de\/article\/3222482\/windows-11-update-taskleiste-positionieren-kb5120998.html\" target=\"_blank\" rel=\"noreferrer noopener nofollow\">Wir stellen die Neuerungen in dieser Meldung ausf\u00fchrlich vor<\/a>.<\/p>\n<p class=\"wp-block-paragraph\">\u00dcbrigens: Sollten Sie Windows 11 Home im Einsatz haben, dann entgehen Ihnen die vielen Vorteile der Pro-Version, die wir Ihnen <a href=\"https:\/\/www.pcwelt.de\/article\/1203134\/windows-11-unterschiede-zwischen-home-und-pro-version.html\" target=\"_blank\" rel=\"noreferrer noopener nofollow\">hier vorstellen.<\/a>\u00a0Im PC-WELT Software-Shop ist das Windows-11-Upgrade <a href=\"#\" target=\"_blank\" rel=\"nofollow\" data-subtag=\"4-0-3222534-1-0-0-0-0\" class=\"shopping-cart-icon link-6 client-link-wrapper\" data-domain-name=\"pcwelt\" data-adblocker-link=\"https:\/\/software.pcwelt.de\/offer\/windows_11_professional_upgrade\/44487?x-source=4-0-3222534-1-0-0-0-0\">f\u00fcr g\u00fcnstige 59,99 Euro statt 145 Euro<\/a>\u00a0erh\u00e4ltlich.<\/p>\n","protected":false},"excerpt":{"rendered":"Microsoft schreibt dazu (Update 31.8.): Microsoft liegen Berichte vor, wonach die Einstellungen zur Anpassung des Mauszeigers ge\u00e4ndert oder&hellip;\n","protected":false},"author":2,"featured_media":1271925,"comment_status":"","ping_status":"","sticky":false,"template":"","format":"standard","meta":{"footnotes":"","_share_on_mastodon":"0"},"categories":[135],"tags":[29,30,190,189,194,191,193,192],"class_list":["post-1271924","post","type-post","status-publish","format-standard","has-post-thumbnail","category-wissenschaft-technik","tag-deutschland","tag-germany","tag-science","tag-science-technology","tag-technik","tag-technology","tag-wissenschaft","tag-wissenschaft-technik"],"share_on_mastodon":{"url":"https:\/\/pubeurope.com\/@de\/117190672268712711","error":""},"_links":{"self":[{"href":"https:\/\/www.europesays.com\/de\/wp-json\/wp\/v2\/posts\/1271924","targetHints":{"allow":["GET"]}}],"collection":[{"href":"https:\/\/www.europesays.com\/de\/wp-json\/wp\/v2\/posts"}],"about":[{"href":"https:\/\/www.europesays.com\/de\/wp-json\/wp\/v2\/types\/post"}],"author":[{"embeddable":true,"href":"https:\/\/www.europesays.com\/de\/wp-json\/wp\/v2\/users\/2"}],"replies":[{"embeddable":true,"href":"https:\/\/www.europesays.com\/de\/wp-json\/wp\/v2\/comments?post=1271924"}],"version-history":[{"count":0,"href":"https:\/\/www.europesays.com\/de\/wp-json\/wp\/v2\/posts\/1271924\/revisions"}],"wp:featuredmedia":[{"embeddable":true,"href":"https:\/\/www.europesays.com\/de\/wp-json\/wp\/v2\/media\/1271925"}],"wp:attachment":[{"href":"https:\/\/www.europesays.com\/de\/wp-json\/wp\/v2\/media?parent=1271924"}],"wp:term":[{"taxonomy":"category","embeddable":true,"href":"https:\/\/www.europesays.com\/de\/wp-json\/wp\/v2\/categories?post=1271924"},{"taxonomy":"post_tag","embeddable":true,"href":"https:\/\/www.europesays.com\/de\/wp-json\/wp\/v2\/tags?post=1271924"}],"curies":[{"name":"wp","href":"https:\/\/api.w.org\/{rel}","templated":true}]}}