{"id":1271932,"date":"2026-08-31T14:52:20","date_gmt":"2026-08-31T14:52:20","guid":{"rendered":"https:\/\/www.europesays.com\/de\/1271932\/"},"modified":"2026-08-31T14:52:20","modified_gmt":"2026-08-31T14:52:20","slug":"vereinshuette-zwei-weitere-vereine-stellen-sich-vor","status":"publish","type":"post","link":"https:\/\/www.europesays.com\/de\/1271932\/","title":{"rendered":"Vereinsh\u00fctte: Zwei weitere Vereine stellen sich vor"},"content":{"rendered":"<p><img decoding=\"async\" src=\"https:\/\/www.europesays.com\/de\/wp-content\/uploads\/2025\/05\/vereinshuette7-678x381.jpg\" alt=\"Vereinsh\u00fctte\" title=\"vereinshuette7\"\/><br \/>\n\u00a9 H@llAnzeiger<\/p>\n<p>Halle\/PSt. Die Stadt Halle (Saale) erm\u00f6glicht auch dieses Jahr wieder die kostenlose Nutzung einer Vereinsh\u00fctte. In dieser Woche pr\u00e4sentiert sich im mobilen Stand an der Konzerthalle Ulrichskirche, Leipziger Stra\u00dfe, am Dienstag, <strong>01. September 2026<\/strong>, die hallesche Au\u00dfenstelle des\u00a0<strong>Wei\u00dfen Rings\u00a0e.V.<\/strong>, der sich f\u00fcr Opfer von Kriminalit\u00e4t und Gewalt sowie deren Angeh\u00f6rige einsetzt.<\/p>\n<p>Am\u00a0<strong>Samstag, 05. September 2026<\/strong>, stellt die Landesgruppe Sachsen-Anhalt des\u00a0<strong>KZG\u00a0Eurasier e.V.<\/strong>\u00a0Tiere dieser Hunderasse sowie das Vereinsleben vor.<\/p>\n<p class=\"PD\">Noch bis zum Freitag, 30. Oktober 2026, k\u00f6nnen in dieser Saison wieder Vereine und Einrichtungen sich und ihre Projekte in der eigens gestalteten Vereinsh\u00fctte einem gro\u00dfen Publikum pr\u00e4sentieren. Neben halleschen gemeinn\u00fctzigen, kulturellen und Sportvereinen sind auch weitere Nutzer in der Vereinsh\u00fctte der Stadt willkommen.<\/p>\n<p class=\"PD\">Termine k\u00f6nnen per E-Mail unter\u00a0<a class=\"link-mail\" href=\"https:\/\/www.hallanzeiger.de\/aktuelle_lokale_nachrichten\/mailto:maerkte@halle.de\" rel=\"nofollow noopener\" target=\"_blank\">maerkte@halle.de<\/a>\u00a0angefragt werden.<\/p>\n","protected":false},"excerpt":{"rendered":"\u00a9 H@llAnzeiger Halle\/PSt. Die Stadt Halle (Saale) erm\u00f6glicht auch dieses Jahr wieder die kostenlose Nutzung einer Vereinsh\u00fctte. In&hellip;\n","protected":false},"author":2,"featured_media":78984,"comment_status":"","ping_status":"","sticky":false,"template":"","format":"standard","meta":{"footnotes":"","_share_on_mastodon":"0"},"categories":[1860],"tags":[3364,29,548,663,3934,30,4062,17332,13,14,15,17331,860,12],"class_list":["post-1271932","post","type-post","status-publish","format-standard","has-post-thumbnail","category-halle-saale","tag-de","tag-deutschland","tag-eu","tag-europa","tag-europe","tag-germany","tag-halle","tag-halle-saale","tag-headlines","tag-nachrichten","tag-news","tag-saale","tag-sachsen-anhalt","tag-schlagzeilen"],"share_on_mastodon":{"url":"https:\/\/pubeurope.com\/@de\/117190691961456700","error":""},"_links":{"self":[{"href":"https:\/\/www.europesays.com\/de\/wp-json\/wp\/v2\/posts\/1271932","targetHints":{"allow":["GET"]}}],"collection":[{"href":"https:\/\/www.europesays.com\/de\/wp-json\/wp\/v2\/posts"}],"about":[{"href":"https:\/\/www.europesays.com\/de\/wp-json\/wp\/v2\/types\/post"}],"author":[{"embeddable":true,"href":"https:\/\/www.europesays.com\/de\/wp-json\/wp\/v2\/users\/2"}],"replies":[{"embeddable":true,"href":"https:\/\/www.europesays.com\/de\/wp-json\/wp\/v2\/comments?post=1271932"}],"version-history":[{"count":0,"href":"https:\/\/www.europesays.com\/de\/wp-json\/wp\/v2\/posts\/1271932\/revisions"}],"wp:featuredmedia":[{"embeddable":true,"href":"https:\/\/www.europesays.com\/de\/wp-json\/wp\/v2\/media\/78984"}],"wp:attachment":[{"href":"https:\/\/www.europesays.com\/de\/wp-json\/wp\/v2\/media?parent=1271932"}],"wp:term":[{"taxonomy":"category","embeddable":true,"href":"https:\/\/www.europesays.com\/de\/wp-json\/wp\/v2\/categories?post=1271932"},{"taxonomy":"post_tag","embeddable":true,"href":"https:\/\/www.europesays.com\/de\/wp-json\/wp\/v2\/tags?post=1271932"}],"curies":[{"name":"wp","href":"https:\/\/api.w.org\/{rel}","templated":true}]}}