{"id":1271933,"date":"2026-08-31T14:53:48","date_gmt":"2026-08-31T14:53:48","guid":{"rendered":"https:\/\/www.europesays.com\/de\/1271933\/"},"modified":"2026-08-31T14:53:48","modified_gmt":"2026-08-31T14:53:48","slug":"hilfswerk-missio-aachen-widmet-mutter-teresa-neue-ausstellung","status":"publish","type":"post","link":"https:\/\/www.europesays.com\/de\/1271933\/","title":{"rendered":"Hilfswerk missio Aachen widmet Mutter Teresa neue Ausstellung"},"content":{"rendered":"<p>Zum zehnten Jahrestag der Heiligsprechung von Mutter Teresa am 4. September widmet das <a href=\"https:\/\/www.missio-hilft.de\/mitmachen\/glauben-teilen\/ausstellungen\/mutter-teresa\/\" rel=\"nofollow noopener\" target=\"_blank\"><strong>katholische Hilfswerk missio Aachen<\/strong><\/a> der Ordensfrau eine Ausstellung. Die Schau &#8222;Missionarin der N\u00e4chstenliebe. Heilige Mutter Teresa von Kalkutta&#8220; kann laut einer Mitteilung vom Montag bundesweit von Gemeinden, Schulen und Bildungseinrichtungen ausgeliehen werden.<\/p>\n<p>Acht gro\u00dfformatige Banner mit Fotografien, Zitaten und Hintergrundinformationen sollen dazu dienen, Mutter Teresa (1910-1997) neu zu entdecken. Die Aufnahmen stammen den Angaben zufolge vom Fotografen Karl-Heinz Melters, der ihr mehrfach pers\u00f6nlich begegnete.<\/p>\n<p>&#8222;Mutter Teresa geh\u00f6rt zu den pr\u00e4genden Pers\u00f6nlichkeiten des 20. Jahrhunderts. Sie hat gezeigt, dass gelebte N\u00e4chstenliebe die Welt ver\u00e4ndern kann&#8220;, sagte Ausstellungs-Koordinatorin Regina Illemann.<\/p>\n<p>Besondere Aktualit\u00e4t<\/p>\n<p>Papst Franziskus hatte Mutter Teresa am 4. September 2016 auf dem Petersplatz in Rom heiliggesprochen. Dabei w\u00fcrdigte er ihren Dienst an den \u00c4rmsten und Ausgegrenzten als bleibendes Zeugnis christlicher Barmherzigkeit.<\/p>\n<p>Aus Sicht von missio hat ihre Haltung heute eine besondere Aktualit\u00e4t: Der gesellschaftliche Umgang werde rauer, Egoismus und Einsamkeit n\u00e4hmen zu, zugleich bestimmten in der Politik nationale und eigene Interessen zunehmend die Debatten. Der Wert der Solidarit\u00e4t br\u00f6ckele. Mutter Teresas Wirken sei vor diesem Hintergrund besonders wichtig.<\/p>\n<p>    <a href=\"https:\/\/www.domradio.de\/glossar\/missionarinnen-der-naechstenliebe\" rel=\"nofollow noopener\" target=\"_blank\"><\/p>\n<p>      Missionarinnen der N\u00e4chstenliebe<\/p>\n<p>      <\/a><\/p>\n<p>Die Gemeinschaft &#8222;Missionarinnen der N\u00e4chstenliebe&#8220; ist eine der erfolgreichsten Ordensgr\u00fcndungen des 20. Jahrhunderts. Die von der seligen Mutter Teresa von Kalkutta (Agnes Bojaxhiu, 1910-1997) in Indien gegr\u00fcndete Gemeinschaft erhielt 1950 vom Vatikan als Einrichtung di\u00f6zesanen Rechts die offizielle Anerkennung. Ordenstracht ist der wei\u00dfe Sari mit dem blauen Band.<\/p>\n","protected":false},"excerpt":{"rendered":"Zum zehnten Jahrestag der Heiligsprechung von Mutter Teresa am 4. September widmet das katholische Hilfswerk missio Aachen der&hellip;\n","protected":false},"author":2,"featured_media":1271934,"comment_status":"","ping_status":"","sticky":false,"template":"","format":"standard","meta":{"footnotes":"","_share_on_mastodon":"0"},"categories":[1853],"tags":[1424,3364,29,548,663,3934,30,13,14,15,1209,12],"class_list":["post-1271933","post","type-post","status-publish","format-standard","has-post-thumbnail","category-aachen","tag-aachen","tag-de","tag-deutschland","tag-eu","tag-europa","tag-europe","tag-germany","tag-headlines","tag-nachrichten","tag-news","tag-nordrhein-westfalen","tag-schlagzeilen"],"share_on_mastodon":{"url":"https:\/\/pubeurope.com\/@de\/117190695685315795","error":""},"_links":{"self":[{"href":"https:\/\/www.europesays.com\/de\/wp-json\/wp\/v2\/posts\/1271933","targetHints":{"allow":["GET"]}}],"collection":[{"href":"https:\/\/www.europesays.com\/de\/wp-json\/wp\/v2\/posts"}],"about":[{"href":"https:\/\/www.europesays.com\/de\/wp-json\/wp\/v2\/types\/post"}],"author":[{"embeddable":true,"href":"https:\/\/www.europesays.com\/de\/wp-json\/wp\/v2\/users\/2"}],"replies":[{"embeddable":true,"href":"https:\/\/www.europesays.com\/de\/wp-json\/wp\/v2\/comments?post=1271933"}],"version-history":[{"count":0,"href":"https:\/\/www.europesays.com\/de\/wp-json\/wp\/v2\/posts\/1271933\/revisions"}],"wp:featuredmedia":[{"embeddable":true,"href":"https:\/\/www.europesays.com\/de\/wp-json\/wp\/v2\/media\/1271934"}],"wp:attachment":[{"href":"https:\/\/www.europesays.com\/de\/wp-json\/wp\/v2\/media?parent=1271933"}],"wp:term":[{"taxonomy":"category","embeddable":true,"href":"https:\/\/www.europesays.com\/de\/wp-json\/wp\/v2\/categories?post=1271933"},{"taxonomy":"post_tag","embeddable":true,"href":"https:\/\/www.europesays.com\/de\/wp-json\/wp\/v2\/tags?post=1271933"}],"curies":[{"name":"wp","href":"https:\/\/api.w.org\/{rel}","templated":true}]}}