{"id":1271937,"date":"2026-08-31T14:56:17","date_gmt":"2026-08-31T14:56:17","guid":{"rendered":"https:\/\/www.europesays.com\/de\/1271937\/"},"modified":"2026-08-31T14:56:17","modified_gmt":"2026-08-31T14:56:17","slug":"chemnitz-ueberfall-auf-behinderten-mann-zeugen-gesucht","status":"publish","type":"post","link":"https:\/\/www.europesays.com\/de\/1271937\/","title":{"rendered":"Chemnitz: \u00dcberfall auf behinderten Mann \u2013 Zeugen gesucht"},"content":{"rendered":"<p class=\"text text--s\">\n\t\t\t\tFreie Presse bei Google bevorzugen\n\t\t\t<\/p>\n<p class=\"bold\">\n\t\t\t\t\t\t\t\t\t\tDem 24-J\u00e4hrigen wurde am Bahnhof Chemnitz S\u00fcd die Geldb\u00f6rse aus der Hosentasche genommen. Die Bundespolizei bittet um Hinweise.\t\t\t\t<\/p>\n<p>\t\t\t\t Nach einem Diebstahl am Bahnhof Chemnitz S\u00fcd werden Zeugen gesucht. Ein Unbekannter soll laut Polizei einem 24-J\u00e4hrigen in der Nacht zum Samstag die Geldb\u00f6rse aus der Hosentasche genommen haben. Der Mann war gegen 0.26 Uhr auf dem Treppenabgang zur Bernsdorfer Stra\u00dfe unterwegs, als ihn eine Person aus einer Gruppe von f\u00fcnf Menschen ansprach&#8230;<\/p>\n<p>\t\t<img decoding=\"async\" loading=\"lazy\" class=\"fp-plus-logo\" src=\"https:\/\/www.freiepresse.de\/img\/fpplus.svg\" alt=\"Freie Presse plus Logo\"\/><\/p>\n<p>6 Wochen gratis lesen.<\/p>\n<p> Alle Artikel im Web und in der App frei<\/p>\n<p> Zugriff auf die digitale Zeitung<\/p>\n<p> T\u00e4glicher Newsletter f\u00fcr Ihre Region<\/p>\n<p>Sie haben bereits ein Digitalabo?<\/p>\n","protected":false},"excerpt":{"rendered":"Freie Presse bei Google bevorzugen Dem 24-J\u00e4hrigen wurde am Bahnhof Chemnitz S\u00fcd die Geldb\u00f6rse aus der Hosentasche genommen.&hellip;\n","protected":false},"author":2,"featured_media":1271938,"comment_status":"","ping_status":"","sticky":false,"template":"","format":"standard","meta":{"footnotes":"","_share_on_mastodon":"0"},"categories":[1851],"tags":[2770,3364,29,548,663,3934,30,13,17318,14,15,859,12],"class_list":["post-1271937","post","type-post","status-publish","format-standard","has-post-thumbnail","category-chemnitz","tag-chemnitz","tag-de","tag-deutschland","tag-eu","tag-europa","tag-europe","tag-germany","tag-headlines","tag-kriminalitaet-verstoesse","tag-nachrichten","tag-news","tag-sachsen","tag-schlagzeilen"],"share_on_mastodon":{"url":"https:\/\/pubeurope.com\/@de\/117190707591584761","error":""},"_links":{"self":[{"href":"https:\/\/www.europesays.com\/de\/wp-json\/wp\/v2\/posts\/1271937","targetHints":{"allow":["GET"]}}],"collection":[{"href":"https:\/\/www.europesays.com\/de\/wp-json\/wp\/v2\/posts"}],"about":[{"href":"https:\/\/www.europesays.com\/de\/wp-json\/wp\/v2\/types\/post"}],"author":[{"embeddable":true,"href":"https:\/\/www.europesays.com\/de\/wp-json\/wp\/v2\/users\/2"}],"replies":[{"embeddable":true,"href":"https:\/\/www.europesays.com\/de\/wp-json\/wp\/v2\/comments?post=1271937"}],"version-history":[{"count":0,"href":"https:\/\/www.europesays.com\/de\/wp-json\/wp\/v2\/posts\/1271937\/revisions"}],"wp:featuredmedia":[{"embeddable":true,"href":"https:\/\/www.europesays.com\/de\/wp-json\/wp\/v2\/media\/1271938"}],"wp:attachment":[{"href":"https:\/\/www.europesays.com\/de\/wp-json\/wp\/v2\/media?parent=1271937"}],"wp:term":[{"taxonomy":"category","embeddable":true,"href":"https:\/\/www.europesays.com\/de\/wp-json\/wp\/v2\/categories?post=1271937"},{"taxonomy":"post_tag","embeddable":true,"href":"https:\/\/www.europesays.com\/de\/wp-json\/wp\/v2\/tags?post=1271937"}],"curies":[{"name":"wp","href":"https:\/\/api.w.org\/{rel}","templated":true}]}}