{"id":1271941,"date":"2026-08-31T14:58:17","date_gmt":"2026-08-31T14:58:17","guid":{"rendered":"https:\/\/www.europesays.com\/de\/1271941\/"},"modified":"2026-08-31T14:58:17","modified_gmt":"2026-08-31T14:58:17","slug":"pol-vie-willich-polizeiwache-willich-wird-personell-verstaerkt-neue-zeiten-zur","status":"publish","type":"post","link":"https:\/\/www.europesays.com\/de\/1271941\/","title":{"rendered":"POL-VIE: Willich: Polizeiwache Willich wird personell verst\u00e4rkt &#8211; neue Zeiten zur &#8230;"},"content":{"rendered":"<p class=\"date\">31.08.2026 \u2013 16:49<\/p>\n<p class=\"customer\">\n                        <a class=\"story-customer\" title=\"weiter zum newsroom von Kreispolizeibeh\u00f6rde Viersen\" href=\"https:\/\/www.presseportal.de\/blaulicht\/nr\/65857\" rel=\"nofollow noopener\" target=\"_blank\">Kreispolizeibeh\u00f6rde Viersen<\/a>\n                    <\/p>\n<p><a data-category=\"citylink-story-view\" data-action=\"click\" data-label=\"Citylink in Meldungsansicht\" class=\"story-city event-trigger\" href=\"https:\/\/www.presseportal.de\/regional\/Willich\" title=\"News aus Willich \" rel=\"nofollow noopener\" target=\"_blank\">Willich<\/a> (ots)<\/p>\n<p>Eine missverst\u00e4ndlich formulierte Mitteilung im Fenster der Polizeiwache Willich hatte f\u00fcr Irritationen in Bev\u00f6lkerung und Politik in Willich gesorgt. Es konnte der Eindruck entstehen, dass die Wache geschlossen werden k\u00f6nnte. Der Leitende Polizeidirektor Sebastian Wessel betont: &#8222;Es gibt keinerlei Pl\u00e4ne, die Wache in Willich zu schlie\u00dfen &#8211; im Gegenteil.&#8220;<\/p>\n<p>Der 1. September ist bei der Polizei in Nordrhein-Westfalen traditionell der Tag des Umbruchs. Die Absolventinnen und Absolventen der Fachhochschule kommen an diesem Tag in ihre zuk\u00fcnftigen Beh\u00f6rden, Versetzungen innerhalb der Beh\u00f6rden und von einer Beh\u00f6rde zur anderen finden zumeist an diesem Tag statt.<\/p>\n<p>Vor diesem Hintergrund kommt es voraussichtlich in den ersten beiden Septemberwochen dazu, dass die f\u00fcr die B\u00fcrgerinnen und B\u00fcrger bekannten Zeiten zur Anzeigenerstattung nicht eingehalten werden k\u00f6nnen.<\/p>\n<p>Die Polizei in Willich wird indes zum 1. September personell verst\u00e4rkt. Der hier ans\u00e4ssige Schwerpunktdienst erh\u00e4lt zus\u00e4tzliche Beamtinnen und Beamte, und die Krad-Staffel, die mit Motorr\u00e4dern im gesamten Kreisgebiet Eins\u00e4tze wahrnimmt, wird in Willich stationiert.<br \/>\n&#8222;Das schafft eine deutlich gr\u00f6\u00dfere und sichtbarere Pr\u00e4senz im Stadtgebiet, die sich sicherlich positiv auf das Sicherheitsgef\u00fchl der B\u00fcrgerinnen und B\u00fcrger auswirken wird&#8220;, so Wessel.<\/p>\n<p>In der Phase des Umbruchs, in der die Einsatzmittel nach Willich verlegt und neue Mitarbeitende eingearbeitet werden, kommt es zu den genannten Engp\u00e4ssen. Das bedeutet aber nicht, dass eine Anzeigenerstattung unm\u00f6glich ist. Online-Anzeigen sind rund um die Uhr bequem von zu Hause aus m\u00f6glich. Wer zur Wache kommt und dort klingelt, wird telefonisch mit der Leitstelle der Polizei verbunden und kann dort sein Anliegen vortragen. \u00dcber die Leitstelle kann dann bei Bedarf ein Einsatzmittel entsendet werden. Das war auch bisher schon in den Abend- und Nachtzeiten sowie am Wochenende, wenn der Anzeigendienst nicht besetzt war, der Fall. Dar\u00fcberhinaus k\u00f6nnen nat\u00fcrlich Anzeigen auch weiterhin bei jeder anderen Polizeidienststelle erstattet werden.<\/p>\n<p>Im vergangenen Jahr hat die Polizei die Nutzung des reinen Anzeigendiensts in Willich genau beobachtet und ausgewertet. Die neuen Anzeigenzeiten werden an diese Nutzung angepasst. Sobald sie feststehen, werden sie ausgeh\u00e4ngt und auf den Kan\u00e4len der Beh\u00f6rde sowie in den Medien bekannt gegeben. \/hei (756)<\/p>\n<p class=\"contact-headline\">R\u00fcckfragen bitte an:<\/p>\n<p class=\"contact-text\">Pressestelle Kreispolizeibeh\u00f6rde Viersen<\/p>\n<p>Telefon: 02162\/377-1191<br \/><a href=\"https:\/\/www.presseportal.de\/blaulicht\/pm\/65857\/mailto:pressestelle.viersen@polizei.nrw.de\" class=\"uri-mailto\" rel=\"nofollow noopener\" target=\"_blank\">pressestelle.viersen@polizei.nrw.de<\/a><\/p>\n<p class=\"originator\">Original-Content von: Kreispolizeibeh\u00f6rde Viersen, \u00fcbermittelt durch news aktuell<\/p>\n","protected":false},"excerpt":{"rendered":"31.08.2026 \u2013 16:49 Kreispolizeibeh\u00f6rde Viersen Willich (ots) Eine missverst\u00e4ndlich formulierte Mitteilung im Fenster der Polizeiwache Willich hatte f\u00fcr&hellip;\n","protected":false},"author":2,"featured_media":1266941,"comment_status":"","ping_status":"","sticky":false,"template":"","format":"standard","meta":{"footnotes":"","_share_on_mastodon":"0"},"categories":[1849],"tags":[3364,29,548,663,3934,30,13,177,4455,14,15,1209,176,121,178,180,179,181,12],"class_list":["post-1271941","post","type-post","status-publish","format-standard","has-post-thumbnail","category-moenchengladbach","tag-de","tag-deutschland","tag-eu","tag-europa","tag-europe","tag-germany","tag-headlines","tag-kriminalitt","tag-moenchengladbach","tag-nachrichten","tag-news","tag-nordrhein-westfalen","tag-nrw","tag-polizei","tag-presse","tag-pressemeldung","tag-pressemitteilung","tag-pressemitteilungen","tag-schlagzeilen"],"share_on_mastodon":{"url":"https:\/\/pubeurope.com\/@de\/117190715231712316","error":""},"_links":{"self":[{"href":"https:\/\/www.europesays.com\/de\/wp-json\/wp\/v2\/posts\/1271941","targetHints":{"allow":["GET"]}}],"collection":[{"href":"https:\/\/www.europesays.com\/de\/wp-json\/wp\/v2\/posts"}],"about":[{"href":"https:\/\/www.europesays.com\/de\/wp-json\/wp\/v2\/types\/post"}],"author":[{"embeddable":true,"href":"https:\/\/www.europesays.com\/de\/wp-json\/wp\/v2\/users\/2"}],"replies":[{"embeddable":true,"href":"https:\/\/www.europesays.com\/de\/wp-json\/wp\/v2\/comments?post=1271941"}],"version-history":[{"count":0,"href":"https:\/\/www.europesays.com\/de\/wp-json\/wp\/v2\/posts\/1271941\/revisions"}],"wp:featuredmedia":[{"embeddable":true,"href":"https:\/\/www.europesays.com\/de\/wp-json\/wp\/v2\/media\/1266941"}],"wp:attachment":[{"href":"https:\/\/www.europesays.com\/de\/wp-json\/wp\/v2\/media?parent=1271941"}],"wp:term":[{"taxonomy":"category","embeddable":true,"href":"https:\/\/www.europesays.com\/de\/wp-json\/wp\/v2\/categories?post=1271941"},{"taxonomy":"post_tag","embeddable":true,"href":"https:\/\/www.europesays.com\/de\/wp-json\/wp\/v2\/tags?post=1271941"}],"curies":[{"name":"wp","href":"https:\/\/api.w.org\/{rel}","templated":true}]}}