{"id":1271947,"date":"2026-08-31T15:02:26","date_gmt":"2026-08-31T15:02:26","guid":{"rendered":"https:\/\/www.europesays.com\/de\/1271947\/"},"modified":"2026-08-31T15:02:26","modified_gmt":"2026-08-31T15:02:26","slug":"lokalmatador-blum-siegt-bei-hafenregatta-kanu","status":"publish","type":"post","link":"https:\/\/www.europesays.com\/de\/1271947\/","title":{"rendered":"Lokalmatador Blum siegt bei Hafenregatta &#8211; Kanu"},"content":{"rendered":"<p class=\"rhp-dpa-teaser\"><b>Nach knapp 90 Schl\u00e4gen entschied eine Bootsspitze. Bei der sportlichen Kanuregatta im Rahmen des Hafenfestes hatte Lokalmatador Marcel Blum um eine Nasenspitze vorne.<\/b><\/p>\n<p>Die Regatta der Kanuten ist so etwas wie die Keimzelle des Ludwigshafener Hafenfestes. Berthold Barthel hatte als Vorsitzender des Ludwigshafener Kanu-Clubs (LKC) bei Ortsvorsteher <a class=\"rtr-entity\" data-rtr-entity=\"Christoph Heller\" data-rtr-id=\"ca898bab42af903d0be8a42a6baa1dfb33d08154\" data-rtr-score=\"42.16650438169425\" data-rtr-etype=\"person\" data-rtr-index=\"1\" href=\"https:\/\/www.rheinpfalz.de\/themen\/christoph-heller\" rel=\"nofollow noopener\" target=\"_blank\">Christoph Heller<\/a> nach einem Kontakt zur Hafengesellschaft f\u00fcr eine Genehmigung der Bootsregatta angefragt, aber Heller hatte stattdessen gleich das ganz gro\u00dfe Rad gedreht, neben dem Hafen auch alle Vereine der Parkinsel und weit dar\u00fcber hinaus mit ins Boot geholt.<\/p>\n<p class=\"rhp-teaser\"><b>Nach knapp 90 Schl\u00e4gen entschied eine Bootsspitze. Bei der sportlichen Kanuregatta im Rahmen des Hafenfestes hatte Lokalmatador Marcel Blum um eine Nasenspitze vorne.<\/b><\/p>\n","protected":false},"excerpt":{"rendered":"Nach knapp 90 Schl\u00e4gen entschied eine Bootsspitze. Bei der sportlichen Kanuregatta im Rahmen des Hafenfestes hatte Lokalmatador Marcel&hellip;\n","protected":false},"author":2,"featured_media":1271948,"comment_status":"","ping_status":"","sticky":false,"template":"","format":"standard","meta":{"footnotes":"","_share_on_mastodon":"0"},"categories":[1845],"tags":[1634,262684,73570,3364,29,548,663,3934,156,30,50401,262683,13,262685,262686,4060,25476,2096,262682,14,15,12],"class_list":["post-1271947","post","type-post","status-publish","format-standard","has-post-thumbnail","category-mannheim","tag-baden-wuerttemberg","tag-berthold-barthel","tag-christoph-heller","tag-de","tag-deutschland","tag-eu","tag-europa","tag-europe","tag-frankreich","tag-germany","tag-hafenfest","tag-hafenregatta","tag-headlines","tag-jasper-zentgraf","tag-linus-becker","tag-lokal","tag-ludwigshafen","tag-mannheim","tag-marcel-blum","tag-nachrichten","tag-news","tag-schlagzeilen"],"share_on_mastodon":{"url":"https:\/\/pubeurope.com\/@de\/117190731226183977","error":""},"_links":{"self":[{"href":"https:\/\/www.europesays.com\/de\/wp-json\/wp\/v2\/posts\/1271947","targetHints":{"allow":["GET"]}}],"collection":[{"href":"https:\/\/www.europesays.com\/de\/wp-json\/wp\/v2\/posts"}],"about":[{"href":"https:\/\/www.europesays.com\/de\/wp-json\/wp\/v2\/types\/post"}],"author":[{"embeddable":true,"href":"https:\/\/www.europesays.com\/de\/wp-json\/wp\/v2\/users\/2"}],"replies":[{"embeddable":true,"href":"https:\/\/www.europesays.com\/de\/wp-json\/wp\/v2\/comments?post=1271947"}],"version-history":[{"count":0,"href":"https:\/\/www.europesays.com\/de\/wp-json\/wp\/v2\/posts\/1271947\/revisions"}],"wp:featuredmedia":[{"embeddable":true,"href":"https:\/\/www.europesays.com\/de\/wp-json\/wp\/v2\/media\/1271948"}],"wp:attachment":[{"href":"https:\/\/www.europesays.com\/de\/wp-json\/wp\/v2\/media?parent=1271947"}],"wp:term":[{"taxonomy":"category","embeddable":true,"href":"https:\/\/www.europesays.com\/de\/wp-json\/wp\/v2\/categories?post=1271947"},{"taxonomy":"post_tag","embeddable":true,"href":"https:\/\/www.europesays.com\/de\/wp-json\/wp\/v2\/tags?post=1271947"}],"curies":[{"name":"wp","href":"https:\/\/api.w.org\/{rel}","templated":true}]}}