{"id":1271949,"date":"2026-08-31T15:03:12","date_gmt":"2026-08-31T15:03:12","guid":{"rendered":"https:\/\/www.europesays.com\/de\/1271949\/"},"modified":"2026-08-31T15:03:12","modified_gmt":"2026-08-31T15:03:12","slug":"warum-eine-mutter-eine-petition-fuer-spaetere-sommerferien-startet-woerth","status":"publish","type":"post","link":"https:\/\/www.europesays.com\/de\/1271949\/","title":{"rendered":"Warum eine Mutter eine Petition f\u00fcr sp\u00e4tere Sommerferien startet &#8211; W\u00f6rth"},"content":{"rendered":"<p class=\"rhp-dpa-teaser\"><b>Die Sommerferien-Termine sollen familienfreundlicher werden. Und Urlaub soll bezahlbar bleiben. Was au\u00dferdem hinter der Unterschriftenaktion einer zweifachen Mutter steckt.<\/b><\/p>\n<p>Familien, deren Kinder verschiedene Schulen in <a class=\"rtr-entity\" data-rtr-entity=\"Rheinland-Pfalz\" data-rtr-id=\"592c89cea2c38a673e1ef01e37ba8a1a22000196\" data-rtr-score=\"44.602122015915114\" data-rtr-etype=\"location\" data-rtr-index=\"10\" href=\"https:\/\/www.rheinpfalz.de\/rheinland-pfalz.html\" rel=\"nofollow noopener\" target=\"_blank\">Rheinland-Pfalz<\/a> und <a class=\"rtr-entity\" data-rtr-entity=\"Baden-W\u00fcrttemberg\" data-rtr-id=\"0fdc2cc0d57adcb40e552e04b6df79fc5a962279\" data-rtr-score=\"44.44297082228117\" data-rtr-etype=\"location\" data-rtr-index=\"4\" href=\"https:\/\/www.rheinpfalz.de\/themen\/baden-wuerttemberg\" rel=\"nofollow noopener\" target=\"_blank\">Baden-W\u00fcrttemberg<\/a> besuchen, konnten in diesen Sommerferien nicht viel Zeit miteinander verbringen: Nur eine Woche haben sich die Ferien in den beiden Bundesl\u00e4ndern \u00fcberschnitten. Im n\u00e4chsten Jahr sieht es nicht viel anders aus.<\/p>\n<p class=\"rhp-teaser\"><b>Die Sommerferien-Termine sollen familienfreundlicher werden. Und Urlaub soll bezahlbar bleiben. Was au\u00dferdem hinter der Unterschriftenaktion einer zweifachen Mutter steckt.<\/b><\/p>\n","protected":false},"excerpt":{"rendered":"Die Sommerferien-Termine sollen familienfreundlicher werden. Und Urlaub soll bezahlbar bleiben. Was au\u00dferdem hinter der Unterschriftenaktion einer zweifachen Mutter&hellip;\n","protected":false},"author":2,"featured_media":1271950,"comment_status":"","ping_status":"","sticky":false,"template":"","format":"standard","meta":{"footnotes":"","_share_on_mastodon":"0"},"categories":[1844],"tags":[262687,1634,3364,29,553,30,8903,216561,525,700,3503,1756,11290,29476,111899,26148],"class_list":["post-1271949","post","type-post","status-publish","format-standard","has-post-thumbnail","category-karlsruhe","tag-anne-brenner","tag-baden-wuerttemberg","tag-de","tag-deutschland","tag-familie","tag-germany","tag-karlsruhe","tag-kultusministerkonferenz","tag-mitte","tag-mittelmeer","tag-petition","tag-rheinland-pfalz","tag-sommerferien","tag-suedfrankreich","tag-web","tag-woerth"],"share_on_mastodon":{"url":"https:\/\/pubeurope.com\/@de\/117190735201116279","error":""},"_links":{"self":[{"href":"https:\/\/www.europesays.com\/de\/wp-json\/wp\/v2\/posts\/1271949","targetHints":{"allow":["GET"]}}],"collection":[{"href":"https:\/\/www.europesays.com\/de\/wp-json\/wp\/v2\/posts"}],"about":[{"href":"https:\/\/www.europesays.com\/de\/wp-json\/wp\/v2\/types\/post"}],"author":[{"embeddable":true,"href":"https:\/\/www.europesays.com\/de\/wp-json\/wp\/v2\/users\/2"}],"replies":[{"embeddable":true,"href":"https:\/\/www.europesays.com\/de\/wp-json\/wp\/v2\/comments?post=1271949"}],"version-history":[{"count":0,"href":"https:\/\/www.europesays.com\/de\/wp-json\/wp\/v2\/posts\/1271949\/revisions"}],"wp:featuredmedia":[{"embeddable":true,"href":"https:\/\/www.europesays.com\/de\/wp-json\/wp\/v2\/media\/1271950"}],"wp:attachment":[{"href":"https:\/\/www.europesays.com\/de\/wp-json\/wp\/v2\/media?parent=1271949"}],"wp:term":[{"taxonomy":"category","embeddable":true,"href":"https:\/\/www.europesays.com\/de\/wp-json\/wp\/v2\/categories?post=1271949"},{"taxonomy":"post_tag","embeddable":true,"href":"https:\/\/www.europesays.com\/de\/wp-json\/wp\/v2\/tags?post=1271949"}],"curies":[{"name":"wp","href":"https:\/\/api.w.org\/{rel}","templated":true}]}}