{"id":1271959,"date":"2026-08-31T15:08:31","date_gmt":"2026-08-31T15:08:31","guid":{"rendered":"https:\/\/www.europesays.com\/de\/1271959\/"},"modified":"2026-08-31T15:08:31","modified_gmt":"2026-08-31T15:08:31","slug":"aussergewoehnlich-bielefelder-frauen-trio-eroeffnet-pilates-studio-in-einer-alten-kirche","status":"publish","type":"post","link":"https:\/\/www.europesays.com\/de\/1271959\/","title":{"rendered":"Au\u00dfergew\u00f6hnlich: Bielefelder Frauen-Trio er\u00f6ffnet Pilates-Studio in einer alten Kirche"},"content":{"rendered":"<p class=\"&#10;      nw-text-base&#10;      nw-text-gray-500&#10;      nw-font-medium&#10;    \">\n        Reformer-Fitness und mehr\n    <\/p>\n<p>                Au\u00dfergew\u00f6hnlich: Bielefelder Frauen-Trio er\u00f6ffnet Pilates-Studio in einer alten Kirche<\/p>\n<p class=\"nw-text-lg nw-text-black md:nw-w-5\/6 nw-pb-7\">\n                Im \u201eORA Soul Club\u201c soll ab Oktober nicht nur auf dem Reformer trainiert werden. Die Gr\u00fcnderinnen wollen in der City einen Ort schaffen, an dem Sport, Caf\u00e9 und Gemeinschaft zusammenkommen. Ein exklusiver Blick vorab in das neue Studio.\n            <\/p>\n<p class=\"nw-text-base nw-font-bold nw-text-gray-600 dark:nw-text-white nw-mb-0 nw-leading-snug\">\n                    Mehr Nachrichten aus OWL in Ihren Suchergebnissen\n                <\/p>\n<p class=\"nw-text-base nw-text-gray-400 dark:nw-text-white\/60 nw-mb-0 nw-mt-1.5 nw-leading-snug\">\n                    Legen Sie NW.de als bevorzugte Quelle fest.\n                <\/p>\n<p>            <a href=\"https:\/\/google.com\/preferences\/source?q=nw.de\" target=\"_blank\" rel=\"noopener noreferrer nofollow\" aria-label=\"NW.de bei Google als bevorzugte Nachrichtenquelle festlegen \u2013 \u00f6ffnet Google-Einstellungen in einem neuen Tab\" data-track=\"matomo\" data-track-category=\"preferred_source\" data-track-action=\"click\" data-track-name=\"preferred_source_google_click\" class=\"nw-flex nw-items-center nw-justify-center nw-w-full sm:nw-w-auto sm:nw-self-center sm:nw-shrink-0&#010;            nw-rounded-full nw-border nw-border-transparent&#010;            nw-bg-red-0&#010;            nw-shadow-sm&#010;            nw-px-5 nw-h-12 sm:nw-h-11 nw-text-base nw-font-semibold&#010;            nw-text-white&#010;            hover:nw-bg-red-100 hover:nw-shadow&#010;            focus-visible:nw-outline-2 focus-visible:nw-outline-offset-2 focus-visible:nw-outline-hk-blue-200 dark:focus-visible:nw-outline-white&#010;            nw-transition-all motion-reduce:nw-transition-none\"><br \/>\n                Bei Google hinzuf\u00fcgen<br \/>\n            <\/a><\/p>\n","protected":false},"excerpt":{"rendered":"Reformer-Fitness und mehr Au\u00dfergew\u00f6hnlich: Bielefelder Frauen-Trio er\u00f6ffnet Pilates-Studio in einer alten Kirche Im \u201eORA Soul Club\u201c soll ab&hellip;\n","protected":false},"author":2,"featured_media":1271960,"comment_status":"","ping_status":"","sticky":false,"template":"","format":"standard","meta":{"footnotes":"","_share_on_mastodon":"0"},"categories":[1841],"tags":[261901,4594,1605,3364,29,30,261898,152,261900,198343,736,164252,9312,1613,124602,1209,30048,261899,151,137099],"class_list":["post-1271959","post","type-post","status-publish","format-standard","has-post-thumbnail","category-bielefeld","tag-august-schroeder-strasse","tag-bar","tag-bielefeld","tag-de","tag-deutschland","tag-germany","tag-helena-engelmann","tag-instagram","tag-joseph-pilates","tag-meta_artikelklasse_aboanker","tag-meta_copyrights_nw","tag-meta_eo_zusammenfassung","tag-meta_themen_familie_bildung_freizeit","tag-meta_userneeds_informieremich","tag-neue-westfaelische","tag-nordrhein-westfalen","tag-ora","tag-sina-grawe","tag-tiktok","tag-yvonne-hattenhauer"],"share_on_mastodon":{"url":"https:\/\/pubeurope.com\/@de\/117190754651066530","error":""},"_links":{"self":[{"href":"https:\/\/www.europesays.com\/de\/wp-json\/wp\/v2\/posts\/1271959","targetHints":{"allow":["GET"]}}],"collection":[{"href":"https:\/\/www.europesays.com\/de\/wp-json\/wp\/v2\/posts"}],"about":[{"href":"https:\/\/www.europesays.com\/de\/wp-json\/wp\/v2\/types\/post"}],"author":[{"embeddable":true,"href":"https:\/\/www.europesays.com\/de\/wp-json\/wp\/v2\/users\/2"}],"replies":[{"embeddable":true,"href":"https:\/\/www.europesays.com\/de\/wp-json\/wp\/v2\/comments?post=1271959"}],"version-history":[{"count":0,"href":"https:\/\/www.europesays.com\/de\/wp-json\/wp\/v2\/posts\/1271959\/revisions"}],"wp:featuredmedia":[{"embeddable":true,"href":"https:\/\/www.europesays.com\/de\/wp-json\/wp\/v2\/media\/1271960"}],"wp:attachment":[{"href":"https:\/\/www.europesays.com\/de\/wp-json\/wp\/v2\/media?parent=1271959"}],"wp:term":[{"taxonomy":"category","embeddable":true,"href":"https:\/\/www.europesays.com\/de\/wp-json\/wp\/v2\/categories?post=1271959"},{"taxonomy":"post_tag","embeddable":true,"href":"https:\/\/www.europesays.com\/de\/wp-json\/wp\/v2\/tags?post=1271959"}],"curies":[{"name":"wp","href":"https:\/\/api.w.org\/{rel}","templated":true}]}}