{"id":1271984,"date":"2026-08-31T15:22:17","date_gmt":"2026-08-31T15:22:17","guid":{"rendered":"https:\/\/www.europesays.com\/de\/1271984\/"},"modified":"2026-08-31T15:22:17","modified_gmt":"2026-08-31T15:22:17","slug":"eintracht-frankfurt-bundesliga-star-doch-noch-nach-england-bild","status":"publish","type":"post","link":"https:\/\/www.europesays.com\/de\/1271984\/","title":{"rendered":"Eintracht Frankfurt: Bundesliga-Star doch noch nach England? &#8211; BILD"},"content":{"rendered":"<ol>\n<li><a href=\"https:\/\/news.google.com\/rss\/articles\/CBMiugFBVV95cUxQVkNFZTFvWmRUMjd5X3lBM015c3ZMQUFFOTNRaGxOTE1TS3g0dTYwYlNtLTM0VnFLU1pOVG1TRmZNelZWOW9ob3hZY2xLTlVkTDZoSGpSblAzblRxQTd1MFRPZnBnejRMVUYwYXVFb0lRZmo4MGdoMDhjYUlfNGpPU0I4eFpna3RTTlBSbk91Nzg0ellzaFhtNHhrTGJ6RmVhN0ZKQ2ZISVlaaVM1TUZIYk91OVk1cU81YlE?oc=5\" target=\"_blank\" rel=\"nofollow noopener\">Eintracht Frankfurt: Bundesliga-Star doch noch nach England?<\/a>&nbsp;&nbsp;BILD<\/li>\n<li><a href=\"https:\/\/news.google.com\/rss\/articles\/CBMiwwFBVV95cUxPc1ZpTVJjLTU4VUNwc2VBR3JTZGs5Wm5zRGx5NHFGSW5GRjFhazNvS1FHdktiZzJjby12NkZVbWdKbnpsMEx3SWV2Sm9JU2huZGtCbmg1cmRoazJrQ0hJYkpGX3JwaXB6UG1mZThtNzl0c3pjYnJpdExMV0tzY0M0SWNtME0xaGhkeE1LYVNGNEh4a1NLajVkTm1ZbDZzWURHazVodWRtZUFiQVRSOGVhNUlOZ1FrTjl5LUpQQWhZSUZ2SHc?oc=5\" target=\"_blank\" rel=\"nofollow noopener\">Eintracht Frankfurt: Kr\u00f6sche arbeitet an gro\u00dfem Transfer-Kracher!<\/a>&nbsp;&nbsp;BILD<\/li>\n<li><a href=\"https:\/\/news.google.com\/rss\/articles\/CBMimgFBVV95cUxQT3pZVXRFOTdfMEp1b3ktb0J3Ml9WRTJGenY3Z1FGQnZkdVVxS0JrZnNRRExPRWlQOWJjdnFKVUt4dXJxdGJINTQ5VDJiSDNya2MzdG9nQ2ZmRTJXT1Z5ZXhFaWhKMzNIRG1yRGU4OFBsUUN5eGVZWWxCVGhyaFFoekx6cGNxaEVhOFNuZGRieV90cGtmN3hJRzFR?oc=5\" target=\"_blank\" rel=\"nofollow noopener\">Eintracht arbeitet an Kalimuendo-R\u00fcckkehr<\/a>&nbsp;&nbsp;Kicker<\/li>\n<li><a href=\"https:\/\/news.google.com\/rss\/articles\/CBMilgFBVV95cUxPWlB6bjMwZk5zM09yX0xCVGpwR05tRzFPdzFWVUViS1JzRlA4RmVoVmJwempTZmYxaFQ0ZnhmM2psNHR3UFpYR3NZdFplbG5UbUx3cmtUTkZtY1BWWUZESjZuY0pMNXZDdkhZMk9nWkhzZm5haXJ6RDdJZFJWYVQ5OWJFZ3lwQnBqdEdrMmFORzlwSnlVR1E?oc=5\" target=\"_blank\" rel=\"nofollow noopener\">Medienbericht: Brassier kommt, &#8222;hei\u00dfe Verhandlungen&#8220; wegen Kalimunedo<\/a>&nbsp;&nbsp;SGE4EVER.de<\/li>\n<li><a href=\"https:\/\/news.google.com\/rss\/articles\/CBMigAJBVV95cUxPNGNnZFZtamdyNlRVeEdvanZ4OFdZaHhQejQ1VWN5WDd3clFVZW93aEdqc01icXh6SUpIUVFuZ0FtWEREamhQOEg5b1UtVXVZdXpmVzM2NkF2VmhDVENYVW1BMlZudXJoR0cyOU9NTkppNmhvb0lRa2lNVDQ1MGw5VTFSVXlsWGQ2N1JoV1VWMkdreFA5UUhnZDFCRUwxYmp6UkNERTF4dlNzenllNWdnT2dPU2lVd01tQU5IdHFTcGh4TElnS3JDNnRKU05qNVdMMm85U3JJNGtpOWJNd1BKNV9NMzM1eml0Mmgyenk2WWp3QkU1XzlGOWhWOXoxc0Y0?oc=5\" target=\"_blank\" rel=\"nofollow noopener\">Transfer-Ticker: Eintracht Frankfurt verhandelt mit Nottingham Forest \u00fcber R\u00fcckkehr von Arnaud Kalimuendo<\/a>&nbsp;&nbsp;n-tv.de<\/li>\n<\/ol>\n","protected":false},"excerpt":{"rendered":"Eintracht Frankfurt: Bundesliga-Star doch noch nach England?&nbsp;&nbsp;BILD Eintracht Frankfurt: Kr\u00f6sche arbeitet an gro\u00dfem Transfer-Kracher!&nbsp;&nbsp;BILD Eintracht arbeitet an Kalimuendo-R\u00fcckkehr&nbsp;&nbsp;Kicker&hellip;\n","protected":false},"author":2,"featured_media":1271985,"comment_status":"","ping_status":"","sticky":false,"template":"","format":"standard","meta":{"footnotes":"","_share_on_mastodon":"0"},"categories":[5],"tags":[331,332,3364,29,460,538,30,13,47664,7164,14,15,12,803,469],"class_list":["post-1271984","post","type-post","status-publish","format-standard","has-post-thumbnail","category-nachrichten","tag-aktuelle-nachrichten","tag-aktuelle-news","tag-de","tag-deutschland","tag-eintracht-frankfurt","tag-erste-bundesliga","tag-germany","tag-headlines","tag-huetter-adi","tag-kroesche-markus","tag-nachrichten","tag-news","tag-schlagzeilen","tag-spielertransfer","tag-sport-leuchtturm-zentral"],"share_on_mastodon":{"url":"https:\/\/pubeurope.com\/@de\/117190809958397586","error":""},"_links":{"self":[{"href":"https:\/\/www.europesays.com\/de\/wp-json\/wp\/v2\/posts\/1271984","targetHints":{"allow":["GET"]}}],"collection":[{"href":"https:\/\/www.europesays.com\/de\/wp-json\/wp\/v2\/posts"}],"about":[{"href":"https:\/\/www.europesays.com\/de\/wp-json\/wp\/v2\/types\/post"}],"author":[{"embeddable":true,"href":"https:\/\/www.europesays.com\/de\/wp-json\/wp\/v2\/users\/2"}],"replies":[{"embeddable":true,"href":"https:\/\/www.europesays.com\/de\/wp-json\/wp\/v2\/comments?post=1271984"}],"version-history":[{"count":0,"href":"https:\/\/www.europesays.com\/de\/wp-json\/wp\/v2\/posts\/1271984\/revisions"}],"wp:featuredmedia":[{"embeddable":true,"href":"https:\/\/www.europesays.com\/de\/wp-json\/wp\/v2\/media\/1271985"}],"wp:attachment":[{"href":"https:\/\/www.europesays.com\/de\/wp-json\/wp\/v2\/media?parent=1271984"}],"wp:term":[{"taxonomy":"category","embeddable":true,"href":"https:\/\/www.europesays.com\/de\/wp-json\/wp\/v2\/categories?post=1271984"},{"taxonomy":"post_tag","embeddable":true,"href":"https:\/\/www.europesays.com\/de\/wp-json\/wp\/v2\/tags?post=1271984"}],"curies":[{"name":"wp","href":"https:\/\/api.w.org\/{rel}","templated":true}]}}