{"id":1271986,"date":"2026-08-31T15:23:32","date_gmt":"2026-08-31T15:23:32","guid":{"rendered":"https:\/\/www.europesays.com\/de\/1271986\/"},"modified":"2026-08-31T15:23:32","modified_gmt":"2026-08-31T15:23:32","slug":"ministerin-findet-lebensmittel-zu-billig-haben-in-deutschland-das-problem-politik","status":"publish","type":"post","link":"https:\/\/www.europesays.com\/de\/1271986\/","title":{"rendered":"Ministerin findet Lebensmittel zu billig: \u201eHaben in Deutschland das Problem\u201c | Politik"},"content":{"rendered":"<p><a class=\"skip-content skip-content--link\" href=\"#in-content-skip-link-target-v-0-0\">TTS-Player \u00fcberspringen\u21b5<\/a><a id=\"in-content-skip-link-target-v-0-0\" class=\"skip-content--target-link-hidden skip-content skip-content--target-link\" href=\"#in-content-skip-link-target-v-0-0\">Artikel weiterlesen<\/a><\/p>\n<p>Mainz \u2013 <b>Als Landwirtschaftsministerin von Rheinland-Pfalz k\u00e4mpft Christine Schneider f\u00fcr regional produzierte Lebensmittel. Die sind zwar laut Umfragen beliebt, am Ende w\u00fcrden Verbraucher aber doch zur billigeren Alternative greifen, kritisiert die Ministerin. Ein Problem, weil es der Landwirtschaft schadet. Ihrer Meinung nach sind Lebensmittel in Deutschland noch immer zu g\u00fcnstig.<\/b><\/p>\n<p>\u201eLeider schon seit Jahren\u201c will die Ministerin beobachtet haben: Was die Menschen in Umfragen sagen, hat mit ihrem echten Einkaufsverhalten im <a href=\"https:\/\/www.bild.de\/themen\/organisationen\/lebensmittel-discounter\/news-fotos-videos-17020086.bild.html\" class=\"text-link\" rel=\"nofollow noopener\" target=\"_blank\">Supermarkt<\/a> nichts zu tun. <\/p>\n<p>Was die Ministerin \u00fcber Kosten sagt<\/p>\n<p>Sie wolle niemandem etwas vorschreiben, aber \u201emehr Bewusstsein und Wertsch\u00e4tzung in der Bev\u00f6lkerung f\u00fcr die Produktion von gesunden Lebensmitteln schaffen\u201c, sagte Schneider laut DPA. Aber mit der Wertsch\u00e4tzung f\u00fcr solche Produkte sei es nicht weit her, meint die CDU-Politikerin. Weil Lebensmittel insgesamt zu <a href=\"https:\/\/www.bild.de\/themen\/specials\/kosten\/news-fotos-videos-23670088.bild.html\" class=\"text-link\" rel=\"nofollow noopener\" target=\"_blank\">billig<\/a> seien. <\/p>\n<p><img decoding=\"async\" width=\"992\" height=\"558\" alt=\"Obst und Gem\u00fcse im Supermarkt kommen zu selten aus heimischer Produktion, meint die Ministerin\" loading=\"lazy\" src=\"https:\/\/www.europesays.com\/de\/wp-content\/uploads\/2026\/08\/7ef00154dcc38c9819b4854e74db5bbe,d1b9d009.jpeg\"   class=\"landscape\"\/><\/p>\n<p class=\"fig__caption__text\">Obst und Gem\u00fcse im Supermarkt kommen zu selten aus heimischer Produktion und kosten zu wenig, meint die Ministerin <\/p>\n<p>Foto: picture alliance\/Eibner-Pressefoto<\/p>\n<p>\u201eWenn <a href=\"https:\/\/www.bild.de\/themen\/specials\/lebensmittel\/lebensmittel-essen-trinken-news-fotos-videos-17007572.bild.html\" class=\"text-link\" rel=\"nofollow noopener\" target=\"_blank\">Lebensmittel<\/a> zu g\u00fcnstig sind, dann geht diese Wertsch\u00e4tzung auch verloren\u201c, sagte die Landwirtschaftsministerin, deren Gro\u00dfvater Winzer und Metzger war. \u201eUnd wir haben in Deutschland das Problem, dass Lebensmittel im Vergleich zu anderen europ\u00e4ischen Mitgliedstaaten zu g\u00fcnstig sind.\u201c In Nachbarl\u00e4ndern wie \u00d6sterreich und Frankreich seien in den Superm\u00e4rkten \u00fcberwiegend Lebensmittel aus den eigenen L\u00e4ndern zu finden.<\/p>\n<p>\u00dcbrigens: Christine Schneiders eigenes <a href=\"https:\/\/www.bild.de\/themen\/specials\/gehalt\/wie-viel-ist-meine-arbeit-wert-19063308.bild.html\" class=\"text-link\" rel=\"nofollow noopener\" target=\"_blank\">Durchschnittseinkommen<\/a> als Landwirtschaftsministerin liegt bei rund 16.500 Euro monatlich (plus Spesen).<\/p>\n<p>Mehr zum ThemaKaufverhalten bei Lebensmitteln<\/p>\n<p>Auch der Corona-Pandemie kann die Ministerin noch etwas Positives abgewinnen. In dieser Zeit habe der Absatz von \u00f6kologischen und regionalen Lebensmitteln deutlich zugenommen. Das sei sicherlich auch durch die eingeschr\u00e4nkten \u00f6ffentlichen Freizeitm\u00f6glichkeiten und die damit verbundene zus\u00e4tzliche Zeit zu Hause erfolgt, sagte Schneider. \u201eLeider hat es sich nach Corona genau wieder zur\u00fcckentwickelt.\u201c<\/p>\n<p><a class=\"article-image__anchor\" href=\"https:\/\/debatte.bild.de\/debatte\/sind-unsere-lebensmittel-noch-zu-gunstig?leanId=674721a591f0484bee646df0\" target=\"_blank\" rel=\"noopener nofollow\"><img decoding=\"async\" width=\"992\" height=\"186\" alt=\"\" loading=\"lazy\" src=\"https:\/\/www.europesays.com\/de\/wp-content\/uploads\/2026\/08\/94f3dc1d040a89f68b9c63cc7c0be957,f68b1aa0.png\"   class=\"dynamic\"\/><\/a><\/p>\n<p>Foto: ohne<\/p>\n","protected":false},"excerpt":{"rendered":"TTS-Player \u00fcberspringen\u21b5Artikel weiterlesen Mainz \u2013 Als Landwirtschaftsministerin von Rheinland-Pfalz k\u00e4mpft Christine Schneider f\u00fcr regional produzierte Lebensmittel. Die sind&hellip;\n","protected":false},"author":2,"featured_media":1271987,"comment_status":"","ping_status":"","sticky":false,"template":"","format":"standard","meta":{"footnotes":"","_share_on_mastodon":"0"},"categories":[2],"tags":[331,3924,332,3922,31,3364,29,1072,5763,870,30,13,2985,4615,103737,702,11445,1953,14,3923,15,3921,867,1756,12,925,138370],"class_list":["post-1271986","post","type-post","status-publish","format-standard","has-post-thumbnail","category-deutschland","tag-aktuelle-nachrichten","tag-aktuelle-nachrichten-aus-deutschland","tag-aktuelle-news","tag-aktuelle-news-aus-deutschland","tag-cdu","tag-de","tag-deutschland","tag-einzelhandel","tag-ernaehrung","tag-gemuese","tag-germany","tag-headlines","tag-kosten","tag-landwirtschaft","tag-landwirtschaftsministerin","tag-lebensmittel","tag-lebensmittel-discounter","tag-minister","tag-nachrichten","tag-nachrichten-aus-deutschland","tag-news","tag-news-aus-deutschland","tag-obst","tag-rheinland-pfalz","tag-schlagzeilen","tag-supermarkt","tag-team-first"],"share_on_mastodon":{"url":"","error":"Validation failed: Text character limit of 500 exceeded"},"_links":{"self":[{"href":"https:\/\/www.europesays.com\/de\/wp-json\/wp\/v2\/posts\/1271986","targetHints":{"allow":["GET"]}}],"collection":[{"href":"https:\/\/www.europesays.com\/de\/wp-json\/wp\/v2\/posts"}],"about":[{"href":"https:\/\/www.europesays.com\/de\/wp-json\/wp\/v2\/types\/post"}],"author":[{"embeddable":true,"href":"https:\/\/www.europesays.com\/de\/wp-json\/wp\/v2\/users\/2"}],"replies":[{"embeddable":true,"href":"https:\/\/www.europesays.com\/de\/wp-json\/wp\/v2\/comments?post=1271986"}],"version-history":[{"count":0,"href":"https:\/\/www.europesays.com\/de\/wp-json\/wp\/v2\/posts\/1271986\/revisions"}],"wp:featuredmedia":[{"embeddable":true,"href":"https:\/\/www.europesays.com\/de\/wp-json\/wp\/v2\/media\/1271987"}],"wp:attachment":[{"href":"https:\/\/www.europesays.com\/de\/wp-json\/wp\/v2\/media?parent=1271986"}],"wp:term":[{"taxonomy":"category","embeddable":true,"href":"https:\/\/www.europesays.com\/de\/wp-json\/wp\/v2\/categories?post=1271986"},{"taxonomy":"post_tag","embeddable":true,"href":"https:\/\/www.europesays.com\/de\/wp-json\/wp\/v2\/tags?post=1271986"}],"curies":[{"name":"wp","href":"https:\/\/api.w.org\/{rel}","templated":true}]}}