{"id":1271988,"date":"2026-08-31T15:25:19","date_gmt":"2026-08-31T15:25:19","guid":{"rendered":"https:\/\/www.europesays.com\/de\/1271988\/"},"modified":"2026-08-31T15:25:19","modified_gmt":"2026-08-31T15:25:19","slug":"pol-bn-bonn-dransdorf-autofahrer-kollidierte-mit-hund-39-jaehriger-fussgaenger","status":"publish","type":"post","link":"https:\/\/www.europesays.com\/de\/1271988\/","title":{"rendered":"POL-BN: Bonn-Dransdorf: Autofahrer kollidierte mit Hund &#8211; 39-j\u00e4hriger Fu\u00dfg\u00e4nger &#8230;"},"content":{"rendered":"<p class=\"date\">31.08.2026 \u2013 16:32<\/p>\n<p class=\"customer\">\n                        <a class=\"story-customer\" title=\"weiter zum newsroom von Polizei Bonn\" href=\"https:\/\/www.presseportal.de\/blaulicht\/nr\/7304\" rel=\"nofollow noopener\" target=\"_blank\">Polizei Bonn<\/a>\n                    <\/p>\n<p><a data-category=\"citylink-story-view\" data-action=\"click\" data-label=\"Citylink in Meldungsansicht\" class=\"story-city event-trigger\" href=\"https:\/\/www.presseportal.de\/regional\/Bonn\" title=\"News aus Bonn \" rel=\"nofollow noopener\" target=\"_blank\">Bonn<\/a> (ots)<\/p>\n<p>Ein ungew\u00f6hnlicher Verkehrsunfall besch\u00e4ftigt seit Freitag (28.08.2026) die Ermittler des Verkehrskommissariats 1 der Bonner Polizei. Ein Autofahrer kollidierte mit einem Hund und fuhr hiernach das schwer verletzte Tier und seinen Halter zu einer Tierarztpraxis. Anschlie\u00dfend fuhr er davon, ohne seine Personalien zu hinterlassen.<\/p>\n<p>Nach dem derzeitigen Stand der Ermittlungen erfasste der Pkw-F\u00fchrer gegen 12:00 Uhr den Hund eines Fu\u00dfg\u00e4ngers in der Siemensstra\u00dfe, vermutlich im Bereich der Kreuzung An der Dransdorfer Burg. Durch den Zusammensto\u00df wurde das Tier in die Luft geschleudert. Auch der 39-j\u00e4hrige Halter des Hundes st\u00fcrzte zu Boden. Zu einer direkten Ber\u00fchrung zwischen dem Fu\u00dfg\u00e4nger und dem Pkw kam es nach aktuellem Kenntnisstand nicht.<\/p>\n<p>Der bislang unbekannte Autofahrer fuhr den unter Schock stehenden Hundehalter sowie das schwer verletzte Tier in seinem Pkw zu einer Tierarztpraxis in der K\u00f6lnstra\u00dfe. Anschlie\u00dfend fuhr er davon. Der 39-J\u00e4hrige musste infolge seines Sturzes zur ambulanten Behandlung in ein Krankenhaus gebracht werden.<\/p>\n<p>Der unbekannte Autofahrer und der Pkw k\u00f6nnen wie folgt beschrieben werden:<\/p>\n<p>\u00c4lterer Mann, kr\u00e4ftige Statur, kurze graue Haare, unterwegs in einem roten Pkw \u00e4lteren Modells.<\/p>\n<p>Die Ermittler bitten die Bev\u00f6lkerung nun um Hinweise:<br \/>\nWer hat am Freitag (28.08.2026), gegen 12:00 Uhr, im Bereich der Siemensstra\u00dfe \/ An der Dransdorfer Burg in Dransdorf eine Vollbremsung mit quietschenden Reifen wahrgenommen oder den Unfall beobachtet?<\/p>\n<p>Wer kann Angaben zu dem beschriebenen \u00e4lteren, kr\u00e4ftigen Fahrer mit kurzen grauen Haaren oder seinem roten, \u00e4lteren Pkw machen?<\/p>\n<p>Die Ermittler sind unter der Rufnummer 0228 15-0 oder per Mail an <a href=\"https:\/\/www.presseportal.de\/blaulicht\/pm\/7304\/mailto:vk1.bonn@polizei.nrw.de\" class=\"uri-mailto\" rel=\"nofollow noopener\" target=\"_blank\">vk1.bonn@polizei.nrw.de<\/a> erreichbar.<\/p>\n<p class=\"contact-headline\">R\u00fcckfragen bitte an:<\/p>\n<p class=\"contact-text\">Polizei Bonn<br \/>Pressestelle<br \/>Telefon: 0228 &#8211; 1510-20 bis 23<br \/>Fax: 0228-151202<br \/><a target=\"_blank\" class=\"uri-ext outbound\" rel=\"noopener nofollow\" href=\"https:\/\/bonn.polizei.nrw\">https:\/\/bonn.polizei.nrw<\/a><\/p>\n<p>Folgen Sie f\u00fcr aktuelle Informationen gerne unserem WhatsApp-Kanal:<br \/><a target=\"_blank\" class=\"uri-ext outbound\" rel=\"noopener nofollow\" href=\"https:\/\/t1p.de\/v1grf\">https:\/\/t1p.de\/v1grf<\/a><\/p>\n<p class=\"originator\">Original-Content von: Polizei Bonn, \u00fcbermittelt durch news aktuell<\/p>\n","protected":false},"excerpt":{"rendered":"31.08.2026 \u2013 16:32 Polizei Bonn Bonn (ots) Ein ungew\u00f6hnlicher Verkehrsunfall besch\u00e4ftigt seit Freitag (28.08.2026) die Ermittler des Verkehrskommissariats&hellip;\n","protected":false},"author":2,"featured_media":1266941,"comment_status":"","ping_status":"","sticky":false,"template":"","format":"standard","meta":{"footnotes":"","_share_on_mastodon":"0"},"categories":[1842],"tags":[1741,3364,29,30,177,1209,176,121,178,180,179,181],"class_list":["post-1271988","post","type-post","status-publish","format-standard","has-post-thumbnail","category-bonn","tag-bonn","tag-de","tag-deutschland","tag-germany","tag-kriminalitt","tag-nordrhein-westfalen","tag-nrw","tag-polizei","tag-presse","tag-pressemeldung","tag-pressemitteilung","tag-pressemitteilungen"],"share_on_mastodon":{"url":"","error":""},"_links":{"self":[{"href":"https:\/\/www.europesays.com\/de\/wp-json\/wp\/v2\/posts\/1271988","targetHints":{"allow":["GET"]}}],"collection":[{"href":"https:\/\/www.europesays.com\/de\/wp-json\/wp\/v2\/posts"}],"about":[{"href":"https:\/\/www.europesays.com\/de\/wp-json\/wp\/v2\/types\/post"}],"author":[{"embeddable":true,"href":"https:\/\/www.europesays.com\/de\/wp-json\/wp\/v2\/users\/2"}],"replies":[{"embeddable":true,"href":"https:\/\/www.europesays.com\/de\/wp-json\/wp\/v2\/comments?post=1271988"}],"version-history":[{"count":0,"href":"https:\/\/www.europesays.com\/de\/wp-json\/wp\/v2\/posts\/1271988\/revisions"}],"wp:featuredmedia":[{"embeddable":true,"href":"https:\/\/www.europesays.com\/de\/wp-json\/wp\/v2\/media\/1266941"}],"wp:attachment":[{"href":"https:\/\/www.europesays.com\/de\/wp-json\/wp\/v2\/media?parent=1271988"}],"wp:term":[{"taxonomy":"category","embeddable":true,"href":"https:\/\/www.europesays.com\/de\/wp-json\/wp\/v2\/categories?post=1271988"},{"taxonomy":"post_tag","embeddable":true,"href":"https:\/\/www.europesays.com\/de\/wp-json\/wp\/v2\/tags?post=1271988"}],"curies":[{"name":"wp","href":"https:\/\/api.w.org\/{rel}","templated":true}]}}